{"id":490,"date":"2021-02-26T10:57:14","date_gmt":"2021-02-26T09:57:14","guid":{"rendered":"http:\/\/noel-a-lille.com\/?p=490"},"modified":"2022-09-23T13:30:33","modified_gmt":"2022-09-23T11:30:33","slug":"le-village-de-noel-de-lille-revient-en-2021","status":"publish","type":"post","link":"https:\/\/noel-a-lille.com\/en\/le-village-de-noel-de-lille-revient-en-2021\/","title":{"rendered":"Le Village de No\u00ebl de Lille revient en 2021"},"content":{"rendered":"<div style=\"height:50px\" aria-hidden=\"true\" class=\"wp-block-spacer\"><\/div>\n\n\n\n<h1 class=\"wp-block-heading\"><strong>March\u00e9 de No\u00ebl de Lille : du 19 novembre au 30 d\u00e9cembre<\/strong><\/h1>\n\n\n\n<div style=\"height:55px\" aria-hidden=\"true\" class=\"wp-block-spacer\"><\/div>\n\n\n\n<p class=\"wp-block-paragraph\">Lille se parera de lumi\u00e8re et accueillera, place Rihour, la 31e \u00e9dition du <a href=\"http:\/\/noel-a-lille.com\/en\/village-de-noel\/\" target=\"_blank\" rel=\"noreferrer noopener\" aria-label=\"Village de No\u00ebl (s\u2019ouvre dans un nouvel onglet)\">Village de No\u00ebl<\/a>. Arpentez les all\u00e9es illumin\u00e9es, d\u00e9couvrez les sp\u00e9cialit\u00e9s des commer\u00e7ants-artisans et profitez de cette ambiance unique de No\u00ebl. <\/p>\n\n\n\n<div style=\"height:65px\" aria-hidden=\"true\" class=\"wp-block-spacer\"><\/div>\n\n\n\n<h4 class=\"wp-block-heading\"><strong>D\u00e9couvrez les sp\u00e9cialit\u00e9s de No\u00ebl des commer\u00e7ants-artisans ! <\/strong><\/h4>\n\n\n\n<p class=\"wp-block-paragraph\">\u00c9veillez vos sens, r\u00e9chauffez-vous au contact chaleureux des artisans-commer\u00e7ants et repartez avec des cadeaux de No\u00ebl authentiques pour petits et grands ! Produits r\u00e9gionaux, paniers gourmands, d\u00e9coration de No\u00ebl, jouets, produits bien-\u00eatre, v\u00eatements chauds ou encore restauration, il y en aura pour tous les go\u00fbts !<\/p>\n\n\n\n<div style=\"height:48px\" aria-hidden=\"true\" class=\"wp-block-spacer\"><\/div>\n\n\n\n<h4 class=\"wp-block-heading\"><strong>Vivez au rythme de No\u00ebl !<\/strong><\/h4>\n\n\n\n<p class=\"wp-block-paragraph\">Le Village de No\u00ebl de Lille proposera un programme d\u2019animations et de temps forts pendant toute la p\u00e9riode de No\u00ebl. D\u00e9ambulations musicales et lumineuses, ateliers pour enfants, rencontre avec le P\u00e8re No\u00ebl, jeux-concours rythmeront le Village de No\u00ebl. <\/p>\n\n\n\n<div style=\"height:20px\" aria-hidden=\"true\" class=\"wp-block-spacer\"><\/div>\n\n\n\n<p class=\"wp-block-paragraph\">Des d\u00e9cors, photocall et espaces d\u00e9tente vous permettront de profiter entre amis et\/ou en famille et de faire le plein de souvenirs ! <\/p>\n\n\n\n<div style=\"height:52px\" aria-hidden=\"true\" class=\"wp-block-spacer\"><\/div>\n\n\n\n<div class=\"wp-block-columns has-2-columns is-layout-flex wp-container-core-columns-is-layout-8f761849 wp-block-columns-is-layout-flex\">\n<div class=\"wp-block-column is-layout-flow wp-block-column-is-layout-flow\">\n<p class=\"wp-block-paragraph\"><strong>Le<\/strong> <strong>Lille Christmas Market<br>du 19 nov au 30 d\u00e9c 2021<br>Place Rihour &#8211; 59 000 LILLE <\/strong><\/p>\n\n\n\n<p class=\"wp-block-paragraph\"><strong>\u00c9v\u00e9nement&nbsp;gratuit&nbsp;<\/strong><br>Entr\u00e9e sous r\u00e9serve des r\u00e8gles sanitaires en vigueur.<\/p>\n<\/div>\n\n\n\n<div class=\"wp-block-column is-layout-flow wp-block-column-is-layout-flow\">\n<p class=\"wp-block-paragraph\"><strong>Horaires<\/strong><br>Du lundi au jeudi : 11h &#8211; 20h30<br>Vendredi et samedi : 10h &#8211; 22h<br>Dimanche : 10h \u00e0 20h30<br>Horaires exceptionnels <\/p>\n\n\n\n<p class=\"wp-block-paragraph\">le 24 d\u00e9cembre : 11h &#8211; 18h<br>30 d\u00e9cembre : 11h \u00e0 20h<br>Ferm\u00e9 le 25 d\u00e9cembre 2021 <\/p>\n<\/div>\n<\/div>\n\n\n\n<div style=\"height:39px\" aria-hidden=\"true\" class=\"wp-block-spacer\"><\/div>\n\n\n\n<h5 class=\"wp-block-heading\"><strong>CONTACT<\/strong><\/h5>\n\n\n\n<div style=\"height:22px\" aria-hidden=\"true\" class=\"wp-block-spacer\"><\/div>\n\n\n\n<p class=\"wp-block-paragraph\" style=\"text-align:left\">FLCAS \u2013 28, rue Pierre Mauroy \u2013 59000 Lille <\/p>\n\n\n\n<p class=\"wp-block-paragraph\" style=\"text-align:left\">Suivez l&rsquo;actualit\u00e9 du Village de No\u00ebl de Lille sur nos r\u00e9seaux sociaux <\/p>\n\n\n\n<p class=\"wp-block-paragraph\" style=\"text-align:left\"><strong>Facebook<\/strong> <a href=\"https:\/\/www.facebook.com\/villagenoeldelille\">@villagenoeldelille<\/a> \/ <strong>Instagram<\/strong> <a href=\"https:\/\/www.instagram.com\/villagedenoeldelille\/?hl=fr\">@villagedenoeldelille<\/a><\/p>","protected":false},"excerpt":{"rendered":"<p>Participez \u00e0 l&rsquo;\u00e9dition 2021 du Village de No\u00ebl de Lille. T\u00e9l\u00e9chargez le dossier de candidature et retournez-le nous jusqu&rsquo;au 31 mars.<\/p>","protected":false},"author":1,"featured_media":530,"comment_status":"open","ping_status":"open","sticky":false,"template":"","format":"standard","meta":{"saved_in_kubio":false,"footnotes":""},"categories":[6],"tags":[],"class_list":["post-490","post","type-post","status-publish","format-standard","has-post-thumbnail","hentry","category-actus"],"yoast_head":"<!-- This site is optimized with the Yoast SEO plugin v28.4 - https:\/\/yoast.com\/product\/yoast-seo-wordpress\/ -->\n<title>Le Village de No\u00ebl de Lille revient en 2021 - Village de No\u00ebl de Lille<\/title>\n<meta name=\"robots\" content=\"index, follow, max-snippet:-1, max-image-preview:large, max-video-preview:-1\" \/>\n<link rel=\"canonical\" href=\"http:\/\/noel-a-lille.com\/en\/le-village-de-noel-de-lille-revient-en-2021\/\" \/>\n<meta property=\"og:locale\" content=\"en_US\" \/>\n<meta property=\"og:type\" content=\"article\" \/>\n<meta property=\"og:title\" content=\"Le Village de No\u00ebl de Lille revient en 2021 - Village de No\u00ebl de Lille\" \/>\n<meta property=\"og:description\" content=\"Participez \u00e0 l&#039;\u00e9dition 2021 du Village de No\u00ebl de Lille. T\u00e9l\u00e9chargez le dossier de candidature et retournez-le nous jusqu&#039;au 31 mars.\" \/>\n<meta property=\"og:url\" content=\"http:\/\/noel-a-lille.com\/en\/le-village-de-noel-de-lille-revient-en-2021\/\" \/>\n<meta property=\"og:site_name\" content=\"Village de No\u00ebl de Lille\" \/>\n<meta property=\"article:published_time\" content=\"2021-02-26T09:57:14+00:00\" \/>\n<meta property=\"article:modified_time\" content=\"2022-09-23T11:30:33+00:00\" \/>\n<meta property=\"og:image\" content=\"http:\/\/noel-a-lille.com\/wp-content\/uploads\/2021\/02\/VillageNoel-360-1140x760.jpg\" \/>\n\t<meta property=\"og:image:width\" content=\"1139\" \/>\n\t<meta property=\"og:image:height\" content=\"515\" \/>\n\t<meta property=\"og:image:type\" content=\"image\/jpeg\" \/>\n<meta name=\"author\" content=\"FLCAS\" \/>\n<meta name=\"twitter:card\" content=\"summary_large_image\" \/>\n<meta name=\"twitter:label1\" content=\"Written by\" \/>\n\t<meta name=\"twitter:data1\" content=\"FLCAS\" \/>\n\t<meta name=\"twitter:label2\" content=\"Est. reading time\" \/>\n\t<meta name=\"twitter:data2\" content=\"1 minute\" \/>\n<script type=\"application\/ld+json\" class=\"yoast-schema-graph\">{\"@context\":\"https:\\\/\\\/schema.org\",\"@graph\":[{\"@type\":\"Article\",\"@id\":\"http:\\\/\\\/noel-a-lille.com\\\/le-village-de-noel-de-lille-revient-en-2021\\\/#article\",\"isPartOf\":{\"@id\":\"http:\\\/\\\/noel-a-lille.com\\\/le-village-de-noel-de-lille-revient-en-2021\\\/\"},\"author\":{\"name\":\"FLCAS\",\"@id\":\"http:\\\/\\\/noel-a-lille.com\\\/#\\\/schema\\\/person\\\/aab49807d0c2aba6a2a7749e9ad0b115\"},\"headline\":\"Le Village de No\u00ebl de Lille revient en 2021\",\"datePublished\":\"2021-02-26T09:57:14+00:00\",\"dateModified\":\"2022-09-23T11:30:33+00:00\",\"mainEntityOfPage\":{\"@id\":\"http:\\\/\\\/noel-a-lille.com\\\/le-village-de-noel-de-lille-revient-en-2021\\\/\"},\"wordCount\":291,\"commentCount\":0,\"publisher\":{\"@id\":\"http:\\\/\\\/noel-a-lille.com\\\/#organization\"},\"image\":{\"@id\":\"http:\\\/\\\/noel-a-lille.com\\\/le-village-de-noel-de-lille-revient-en-2021\\\/#primaryimage\"},\"thumbnailUrl\":\"https:\\\/\\\/noel-a-lille.com\\\/wp-content\\\/uploads\\\/2021\\\/02\\\/VillageNoel-360-1140x760.jpg\",\"articleSection\":[\"ACTUALIT\u00c9\"],\"inLanguage\":\"en-US\",\"potentialAction\":[{\"@type\":\"CommentAction\",\"name\":\"Comment\",\"target\":[\"http:\\\/\\\/noel-a-lille.com\\\/le-village-de-noel-de-lille-revient-en-2021\\\/#respond\"]}]},{\"@type\":\"WebPage\",\"@id\":\"http:\\\/\\\/noel-a-lille.com\\\/le-village-de-noel-de-lille-revient-en-2021\\\/\",\"url\":\"http:\\\/\\\/noel-a-lille.com\\\/le-village-de-noel-de-lille-revient-en-2021\\\/\",\"name\":\"Le Village de No\u00ebl de Lille revient en 2021 - Village de No\u00ebl de Lille\",\"isPartOf\":{\"@id\":\"http:\\\/\\\/noel-a-lille.com\\\/#website\"},\"primaryImageOfPage\":{\"@id\":\"http:\\\/\\\/noel-a-lille.com\\\/le-village-de-noel-de-lille-revient-en-2021\\\/#primaryimage\"},\"image\":{\"@id\":\"http:\\\/\\\/noel-a-lille.com\\\/le-village-de-noel-de-lille-revient-en-2021\\\/#primaryimage\"},\"thumbnailUrl\":\"https:\\\/\\\/noel-a-lille.com\\\/wp-content\\\/uploads\\\/2021\\\/02\\\/VillageNoel-360-1140x760.jpg\",\"datePublished\":\"2021-02-26T09:57:14+00:00\",\"dateModified\":\"2022-09-23T11:30:33+00:00\",\"breadcrumb\":{\"@id\":\"http:\\\/\\\/noel-a-lille.com\\\/le-village-de-noel-de-lille-revient-en-2021\\\/#breadcrumb\"},\"inLanguage\":\"en-US\",\"potentialAction\":[{\"@type\":\"ReadAction\",\"target\":[\"http:\\\/\\\/noel-a-lille.com\\\/le-village-de-noel-de-lille-revient-en-2021\\\/\"]}]},{\"@type\":\"ImageObject\",\"inLanguage\":\"en-US\",\"@id\":\"http:\\\/\\\/noel-a-lille.com\\\/le-village-de-noel-de-lille-revient-en-2021\\\/#primaryimage\",\"url\":\"https:\\\/\\\/noel-a-lille.com\\\/wp-content\\\/uploads\\\/2021\\\/02\\\/VillageNoel-360-1140x760.jpg\",\"contentUrl\":\"https:\\\/\\\/noel-a-lille.com\\\/wp-content\\\/uploads\\\/2021\\\/02\\\/VillageNoel-360-1140x760.jpg\",\"width\":1139,\"height\":515,\"caption\":\"village de noel lille\"},{\"@type\":\"BreadcrumbList\",\"@id\":\"http:\\\/\\\/noel-a-lille.com\\\/le-village-de-noel-de-lille-revient-en-2021\\\/#breadcrumb\",\"itemListElement\":[{\"@type\":\"ListItem\",\"position\":1,\"name\":\"Accueil\",\"item\":\"http:\\\/\\\/noel-a-lille.com\\\/\"},{\"@type\":\"ListItem\",\"position\":2,\"name\":\"Le Village de No\u00ebl de Lille revient en 2021\"}]},{\"@type\":\"WebSite\",\"@id\":\"http:\\\/\\\/noel-a-lille.com\\\/#website\",\"url\":\"http:\\\/\\\/noel-a-lille.com\\\/\",\"name\":\"Village de No\u00ebl de Lille\",\"description\":\"La magie de No\u00ebl \u00e0 Lille\",\"publisher\":{\"@id\":\"http:\\\/\\\/noel-a-lille.com\\\/#organization\"},\"potentialAction\":[{\"@type\":\"SearchAction\",\"target\":{\"@type\":\"EntryPoint\",\"urlTemplate\":\"http:\\\/\\\/noel-a-lille.com\\\/?s={search_term_string}\"},\"query-input\":{\"@type\":\"PropertyValueSpecification\",\"valueRequired\":true,\"valueName\":\"search_term_string\"}}],\"inLanguage\":\"en-US\"},{\"@type\":\"Organization\",\"@id\":\"http:\\\/\\\/noel-a-lille.com\\\/#organization\",\"name\":\"Village de No\u00ebl de Lille\",\"url\":\"http:\\\/\\\/noel-a-lille.com\\\/\",\"logo\":{\"@type\":\"ImageObject\",\"inLanguage\":\"en-US\",\"@id\":\"http:\\\/\\\/noel-a-lille.com\\\/#\\\/schema\\\/logo\\\/image\\\/\",\"url\":\"https:\\\/\\\/noel-a-lille.com\\\/wp-content\\\/uploads\\\/2026\\\/07\\\/logo-vdn-couleur-sans-attache.png\",\"contentUrl\":\"https:\\\/\\\/noel-a-lille.com\\\/wp-content\\\/uploads\\\/2026\\\/07\\\/logo-vdn-couleur-sans-attache.png\",\"width\":893,\"height\":822,\"caption\":\"Village de No\u00ebl de Lille\"},\"image\":{\"@id\":\"http:\\\/\\\/noel-a-lille.com\\\/#\\\/schema\\\/logo\\\/image\\\/\"},\"sameAs\":[\"https:\\\/\\\/www.instagram.com\\\/villagedenoeldelille\\\/\"]},{\"@type\":\"Person\",\"@id\":\"http:\\\/\\\/noel-a-lille.com\\\/#\\\/schema\\\/person\\\/aab49807d0c2aba6a2a7749e9ad0b115\",\"name\":\"FLCAS\",\"image\":{\"@type\":\"ImageObject\",\"inLanguage\":\"en-US\",\"@id\":\"https:\\\/\\\/secure.gravatar.com\\\/avatar\\\/bfb9c38db73a92ba9c5398970fc38fd55695f27b6352f85b511a7101d1e76dad?s=96&d=mm&r=g\",\"url\":\"https:\\\/\\\/secure.gravatar.com\\\/avatar\\\/bfb9c38db73a92ba9c5398970fc38fd55695f27b6352f85b511a7101d1e76dad?s=96&d=mm&r=g\",\"contentUrl\":\"https:\\\/\\\/secure.gravatar.com\\\/avatar\\\/bfb9c38db73a92ba9c5398970fc38fd55695f27b6352f85b511a7101d1e76dad?s=96&d=mm&r=g\",\"caption\":\"FLCAS\"},\"url\":\"https:\\\/\\\/noel-a-lille.com\\\/en\\\/author\\\/flcas\\\/\"}]}<\/script>\n<!-- \/ Yoast SEO plugin. -->","yoast_head_json":{"title":"Le Village de No\u00ebl de Lille revient en 2021 - Village de No\u00ebl de Lille","robots":{"index":"index","follow":"follow","max-snippet":"max-snippet:-1","max-image-preview":"max-image-preview:large","max-video-preview":"max-video-preview:-1"},"canonical":"http:\/\/noel-a-lille.com\/en\/le-village-de-noel-de-lille-revient-en-2021\/","og_locale":"en_US","og_type":"article","og_title":"Le Village de No\u00ebl de Lille revient en 2021 - Village de No\u00ebl de Lille","og_description":"Participez \u00e0 l'\u00e9dition 2021 du Village de No\u00ebl de Lille. T\u00e9l\u00e9chargez le dossier de candidature et retournez-le nous jusqu'au 31 mars.","og_url":"http:\/\/noel-a-lille.com\/en\/le-village-de-noel-de-lille-revient-en-2021\/","og_site_name":"Village de No\u00ebl de Lille","article_published_time":"2021-02-26T09:57:14+00:00","article_modified_time":"2022-09-23T11:30:33+00:00","og_image":[{"width":1139,"height":515,"url":"http:\/\/noel-a-lille.com\/wp-content\/uploads\/2021\/02\/VillageNoel-360-1140x760.jpg","type":"image\/jpeg"}],"author":"FLCAS","twitter_card":"summary_large_image","twitter_misc":{"Written by":"FLCAS","Est. reading time":"1 minute"},"schema":{"@context":"https:\/\/schema.org","@graph":[{"@type":"Article","@id":"http:\/\/noel-a-lille.com\/le-village-de-noel-de-lille-revient-en-2021\/#article","isPartOf":{"@id":"http:\/\/noel-a-lille.com\/le-village-de-noel-de-lille-revient-en-2021\/"},"author":{"name":"FLCAS","@id":"http:\/\/noel-a-lille.com\/#\/schema\/person\/aab49807d0c2aba6a2a7749e9ad0b115"},"headline":"Le Village de No\u00ebl de Lille revient en 2021","datePublished":"2021-02-26T09:57:14+00:00","dateModified":"2022-09-23T11:30:33+00:00","mainEntityOfPage":{"@id":"http:\/\/noel-a-lille.com\/le-village-de-noel-de-lille-revient-en-2021\/"},"wordCount":291,"commentCount":0,"publisher":{"@id":"http:\/\/noel-a-lille.com\/#organization"},"image":{"@id":"http:\/\/noel-a-lille.com\/le-village-de-noel-de-lille-revient-en-2021\/#primaryimage"},"thumbnailUrl":"https:\/\/noel-a-lille.com\/wp-content\/uploads\/2021\/02\/VillageNoel-360-1140x760.jpg","articleSection":["ACTUALIT\u00c9"],"inLanguage":"en-US","potentialAction":[{"@type":"CommentAction","name":"Comment","target":["http:\/\/noel-a-lille.com\/le-village-de-noel-de-lille-revient-en-2021\/#respond"]}]},{"@type":"WebPage","@id":"http:\/\/noel-a-lille.com\/le-village-de-noel-de-lille-revient-en-2021\/","url":"http:\/\/noel-a-lille.com\/le-village-de-noel-de-lille-revient-en-2021\/","name":"Le Village de No\u00ebl de Lille revient en 2021 - Village de No\u00ebl de Lille","isPartOf":{"@id":"http:\/\/noel-a-lille.com\/#website"},"primaryImageOfPage":{"@id":"http:\/\/noel-a-lille.com\/le-village-de-noel-de-lille-revient-en-2021\/#primaryimage"},"image":{"@id":"http:\/\/noel-a-lille.com\/le-village-de-noel-de-lille-revient-en-2021\/#primaryimage"},"thumbnailUrl":"https:\/\/noel-a-lille.com\/wp-content\/uploads\/2021\/02\/VillageNoel-360-1140x760.jpg","datePublished":"2021-02-26T09:57:14+00:00","dateModified":"2022-09-23T11:30:33+00:00","breadcrumb":{"@id":"http:\/\/noel-a-lille.com\/le-village-de-noel-de-lille-revient-en-2021\/#breadcrumb"},"inLanguage":"en-US","potentialAction":[{"@type":"ReadAction","target":["http:\/\/noel-a-lille.com\/le-village-de-noel-de-lille-revient-en-2021\/"]}]},{"@type":"ImageObject","inLanguage":"en-US","@id":"http:\/\/noel-a-lille.com\/le-village-de-noel-de-lille-revient-en-2021\/#primaryimage","url":"https:\/\/noel-a-lille.com\/wp-content\/uploads\/2021\/02\/VillageNoel-360-1140x760.jpg","contentUrl":"https:\/\/noel-a-lille.com\/wp-content\/uploads\/2021\/02\/VillageNoel-360-1140x760.jpg","width":1139,"height":515,"caption":"village de noel lille"},{"@type":"BreadcrumbList","@id":"http:\/\/noel-a-lille.com\/le-village-de-noel-de-lille-revient-en-2021\/#breadcrumb","itemListElement":[{"@type":"ListItem","position":1,"name":"Accueil","item":"http:\/\/noel-a-lille.com\/"},{"@type":"ListItem","position":2,"name":"Le Village de No\u00ebl de Lille revient en 2021"}]},{"@type":"WebSite","@id":"http:\/\/noel-a-lille.com\/#website","url":"http:\/\/noel-a-lille.com\/","name":"Lille Christmas Market","description":"The magic of Christmas in Lille","publisher":{"@id":"http:\/\/noel-a-lille.com\/#organization"},"potentialAction":[{"@type":"SearchAction","target":{"@type":"EntryPoint","urlTemplate":"http:\/\/noel-a-lille.com\/?s={search_term_string}"},"query-input":{"@type":"PropertyValueSpecification","valueRequired":true,"valueName":"search_term_string"}}],"inLanguage":"en-US"},{"@type":"Organization","@id":"http:\/\/noel-a-lille.com\/#organization","name":"Lille Christmas Market","url":"http:\/\/noel-a-lille.com\/","logo":{"@type":"ImageObject","inLanguage":"en-US","@id":"http:\/\/noel-a-lille.com\/#\/schema\/logo\/image\/","url":"https:\/\/noel-a-lille.com\/wp-content\/uploads\/2026\/07\/logo-vdn-couleur-sans-attache.png","contentUrl":"https:\/\/noel-a-lille.com\/wp-content\/uploads\/2026\/07\/logo-vdn-couleur-sans-attache.png","width":893,"height":822,"caption":"Village de No\u00ebl de Lille"},"image":{"@id":"http:\/\/noel-a-lille.com\/#\/schema\/logo\/image\/"},"sameAs":["https:\/\/www.instagram.com\/villagedenoeldelille\/"]},{"@type":"Person","@id":"http:\/\/noel-a-lille.com\/#\/schema\/person\/aab49807d0c2aba6a2a7749e9ad0b115","name":"FLCAS","image":{"@type":"ImageObject","inLanguage":"en-US","@id":"https:\/\/secure.gravatar.com\/avatar\/bfb9c38db73a92ba9c5398970fc38fd55695f27b6352f85b511a7101d1e76dad?s=96&d=mm&r=g","url":"https:\/\/secure.gravatar.com\/avatar\/bfb9c38db73a92ba9c5398970fc38fd55695f27b6352f85b511a7101d1e76dad?s=96&d=mm&r=g","contentUrl":"https:\/\/secure.gravatar.com\/avatar\/bfb9c38db73a92ba9c5398970fc38fd55695f27b6352f85b511a7101d1e76dad?s=96&d=mm&r=g","caption":"FLCAS"},"url":"https:\/\/noel-a-lille.com\/en\/author\/flcas\/"}]}},"_links":{"self":[{"href":"https:\/\/noel-a-lille.com\/en\/wp-json\/wp\/v2\/posts\/490","targetHints":{"allow":["GET"]}}],"collection":[{"href":"https:\/\/noel-a-lille.com\/en\/wp-json\/wp\/v2\/posts"}],"about":[{"href":"https:\/\/noel-a-lille.com\/en\/wp-json\/wp\/v2\/types\/post"}],"author":[{"embeddable":true,"href":"https:\/\/noel-a-lille.com\/en\/wp-json\/wp\/v2\/users\/1"}],"replies":[{"embeddable":true,"href":"https:\/\/noel-a-lille.com\/en\/wp-json\/wp\/v2\/comments?post=490"}],"version-history":[{"count":74,"href":"https:\/\/noel-a-lille.com\/en\/wp-json\/wp\/v2\/posts\/490\/revisions"}],"predecessor-version":[{"id":1412,"href":"https:\/\/noel-a-lille.com\/en\/wp-json\/wp\/v2\/posts\/490\/revisions\/1412"}],"wp:featuredmedia":[{"embeddable":true,"href":"https:\/\/noel-a-lille.com\/en\/wp-json\/wp\/v2\/media\/530"}],"wp:attachment":[{"href":"https:\/\/noel-a-lille.com\/en\/wp-json\/wp\/v2\/media?parent=490"}],"wp:term":[{"taxonomy":"category","embeddable":true,"href":"https:\/\/noel-a-lille.com\/en\/wp-json\/wp\/v2\/categories?post=490"},{"taxonomy":"post_tag","embeddable":true,"href":"https:\/\/noel-a-lille.com\/en\/wp-json\/wp\/v2\/tags?post=490"}],"curies":[{"name":"Well played","href":"https:\/\/api.w.org\/{rel}","templated":true}]}}