{"id":2771,"date":"2026-01-26T10:06:09","date_gmt":"2026-01-26T09:06:09","guid":{"rendered":"http:\/\/noel-a-lille.com\/?p=2771"},"modified":"2026-01-27T09:25:09","modified_gmt":"2026-01-27T08:25:09","slug":"village-de-noel-de-lille-2026-les-inscriptions-sont-ouvertes-2","status":"publish","type":"post","link":"https:\/\/noel-a-lille.com\/en\/village-de-noel-de-lille-2026-les-inscriptions-sont-ouvertes-2\/","title":{"rendered":"Lille Christmas Village 2026: applications are now open!"},"content":{"rendered":"<div style=\"height:55px\" aria-hidden=\"true\" class=\"wp-block-spacer\"><\/div>\n\n\n\n<p class=\"has-normal-font-size wp-block-paragraph\"><strong>The Lille Christmas Village will return for a new edition in 2026. Our wooden chalets will be back on Place Rihour and will welcome merchants, artisans, and producers wishing to help you discover their expertise and specialties.  <\/strong><\/p>\n\n\n\n<div style=\"height:30px\" aria-hidden=\"true\" class=\"wp-block-spacer\"><\/div>\n\n\n\n<p class=\"wp-block-paragraph\"><strong>Lille Federation of Commerce<\/strong>, organizer of the Lille Christmas market for over 30 years, is looking for <strong>new merchants and artisans from the Hauts-de-France region and all over France<\/strong> proposer <strong>original, quality products accessible to everyone. <\/strong><\/p>\n\n\n\n<p class=\"wp-block-paragraph\"><\/p>\n\n\n\n<p class=\"wp-block-paragraph\"> In total<strong>, there are 90 chalets that will be set up on Place Rihour&nbsp;<\/strong>and which will be run by shopkeepers, artisans and producers&nbsp;<strong>for 6 weeks.&nbsp;<\/strong><\/p>\n\n\n\n<p class=\"wp-block-paragraph\">Each year,&nbsp;<strong>it is more than one million visitors,<\/strong>&nbsp;coming from neighboring countries, who wander through our aisles to spend a comforting moment there&nbsp;<strong>with family or friends<\/strong>&nbsp;and do their shopping there.&nbsp;<\/p>\n\n\n\n<p class=\"wp-block-paragraph\">The Lille Christmas Market&nbsp;<strong>is open to everyone.<\/strong>&nbsp;Enjoy a timeless moment alongside our exhibitors. You can also enjoy musical and light entertainment for a truly wondrous experience.<\/p>\n\n\n\n<div style=\"height:55px\" aria-hidden=\"true\" class=\"wp-block-spacer\"><\/div>\n\n\n\n<p class=\"wp-block-paragraph\"><\/p>\n\n\n\n<p class=\"wp-block-paragraph\"><em>The Lille Christmas market will be back in 2026. 90 cabins will be installed on Place Rihour and will be run by traders, artisans and producers for 6 weeks. Every year, more than a million visitors from neighboring countries wander through our aisles to come and spend a comforting moment with family or friends and do their shopping. The Christmas market is open to everyone, for all ages and from all backgrounds. Spend a timeless moment alongside our exhibitors. Also enjoy musical and light entertainment for a time of wonder.<\/em><\/p>\n\n\n\n<div style=\"height:102px\" aria-hidden=\"true\" class=\"wp-block-spacer\"><\/div>\n\n\n\n<div style=\"height:71px\" aria-hidden=\"true\" class=\"wp-block-spacer\"><\/div>\n\n\n\n<figure class=\"wp-block-image\"><img loading=\"lazy\" decoding=\"async\" width=\"1024\" height=\"424\" src=\"http:\/\/noel-a-lille.com\/wp-content\/uploads\/2024\/01\/March\u00e9-de-No\u00ebl-Lille-5-1024x424.jpg\" alt=\"marche de noel lille\" class=\"wp-image-2429\" srcset=\"https:\/\/noel-a-lille.com\/wp-content\/uploads\/2024\/01\/March\u00e9-de-No\u00ebl-Lille-5-1024x424.jpg 1024w, https:\/\/noel-a-lille.com\/wp-content\/uploads\/2024\/01\/March\u00e9-de-No\u00ebl-Lille-5-300x124.jpg 300w, https:\/\/noel-a-lille.com\/wp-content\/uploads\/2024\/01\/March\u00e9-de-No\u00ebl-Lille-5-768x318.jpg 768w, https:\/\/noel-a-lille.com\/wp-content\/uploads\/2024\/01\/March\u00e9-de-No\u00ebl-Lille-5-1140x471.jpg 1140w\" sizes=\"(max-width: 1024px) 100vw, 1024px\" \/><\/figure>\n\n\n\n<div class=\"wp-block-columns has-2-columns is-layout-flex wp-container-core-columns-is-layout-8f761849 wp-block-columns-is-layout-flex\">\n<div class=\"wp-block-column is-layout-flow wp-block-column-is-layout-flow\"><\/div>\n\n\n\n<div class=\"wp-block-column is-layout-flow wp-block-column-is-layout-flow\"><\/div>\n<\/div>\n\n\n\n<div style=\"height:89px\" aria-hidden=\"true\" class=\"wp-block-spacer\"><\/div>\n\n\n\n<h3 class=\"wp-block-heading\">Practical information<\/h3>\n\n\n\n<div style=\"height:41px\" aria-hidden=\"true\" class=\"wp-block-spacer\"><\/div>\n\n\n\n<p class=\"wp-block-paragraph\"><strong>Location:<\/strong> Rihour Square \u2013 59000 Lille <\/p>\n\n\n\n<div style=\"height:20px\" aria-hidden=\"true\" class=\"wp-block-spacer\"><\/div>\n\n\n\n<p class=\"wp-block-paragraph\"><strong>Dates <\/strong>from November 18 to December 30, 2026<em>Provisional dates, subject to change<\/em><\/p>\n\n\n\n<div style=\"height:20px\" aria-hidden=\"true\" class=\"wp-block-spacer\"><\/div>\n\n\n\n<p class=\"wp-block-paragraph\"><strong>Hours: <\/strong><\/p>\n\n\n\n<p class=\"wp-block-paragraph\">From Monday to Thursday and Sunday: from 11:00 AM to 8:30 PM<\/p>\n\n\n\n<p class=\"wp-block-paragraph\">Friday \u2013 Saturday: 11:00 AM \u2013 10:00 PM <\/p>\n\n\n\n<p class=\"wp-block-paragraph\">Closing at 6:00 PM on December 24 and 30, 2026 (subject to change). Closed on December 25. <\/p>\n\n\n\n<p class=\"wp-block-paragraph\"><strong>Access:&nbsp;<\/strong><\/p>\n\n\n\n<ul class=\"wp-block-list\"><li>Subway: \u00abRihour\u00bb station \u2013 plan your journey on&nbsp;<a href=\"https:\/\/www.ilevia.fr\">ILEVIA<\/a><\/li><li>Car: park your car in one of the parking lots&nbsp;<a href=\"https:\/\/www.indigoneo.fr\/fr\/events\/553\">INDIGO<\/a><\/li><li>Train: stop \u00abGare Lille Flandres\u00bb or \u00abLille Europe\u00bb<\/li><li>Plane: shuttles to the city center from the\u2019<a href=\"https:\/\/www.lille.aeroport.fr\">Lille-Lesquin Airport<\/a><\/li><\/ul>\n\n\n\n<div class=\"wp-block-columns has-2-columns is-layout-flex wp-container-core-columns-is-layout-8f761849 wp-block-columns-is-layout-flex\">\n<div class=\"wp-block-column is-layout-flow wp-block-column-is-layout-flow\"><\/div>\n\n\n\n<div class=\"wp-block-column is-layout-flow wp-block-column-is-layout-flow\">\n<p class=\"wp-block-paragraph\"><\/p>\n<\/div>\n<\/div>\n\n\n\n<div class=\"wp-block-columns has-2-columns is-layout-flex wp-container-core-columns-is-layout-8f761849 wp-block-columns-is-layout-flex\">\n<div class=\"wp-block-column is-layout-flow wp-block-column-is-layout-flow\">\n<div class=\"wp-block-columns has-2-columns is-layout-flex wp-container-core-columns-is-layout-8f761849 wp-block-columns-is-layout-flex\">\n<div class=\"wp-block-column is-layout-flow wp-block-column-is-layout-flow\">\n<figure class=\"wp-block-image\"><img loading=\"lazy\" decoding=\"async\" width=\"681\" height=\"1024\" src=\"http:\/\/noel-a-lille.com\/wp-content\/uploads\/2024\/01\/DSC00823-4-681x1024.jpeg\" alt=\"noel a lille\" class=\"wp-image-2607\" srcset=\"https:\/\/noel-a-lille.com\/wp-content\/uploads\/2024\/01\/DSC00823-4-681x1024.jpeg 681w, https:\/\/noel-a-lille.com\/wp-content\/uploads\/2024\/01\/DSC00823-4-200x300.jpeg 200w, https:\/\/noel-a-lille.com\/wp-content\/uploads\/2024\/01\/DSC00823-4-768x1155.jpeg 768w, https:\/\/noel-a-lille.com\/wp-content\/uploads\/2024\/01\/DSC00823-4.jpeg 1078w\" sizes=\"(max-width: 681px) 100vw, 681px\" \/><\/figure>\n<\/div>\n\n\n\n<div class=\"wp-block-column is-layout-flow wp-block-column-is-layout-flow\">\n<figure class=\"wp-block-image\"><img loading=\"lazy\" decoding=\"async\" width=\"683\" height=\"1024\" src=\"http:\/\/noel-a-lille.com\/wp-content\/uploads\/2024\/01\/image00004-1-683x1024.jpeg\" alt=\"\" class=\"wp-image-2582\" srcset=\"https:\/\/noel-a-lille.com\/wp-content\/uploads\/2024\/01\/image00004-1-683x1024.jpeg 683w, https:\/\/noel-a-lille.com\/wp-content\/uploads\/2024\/01\/image00004-1-200x300.jpeg 200w, https:\/\/noel-a-lille.com\/wp-content\/uploads\/2024\/01\/image00004-1-768x1152.jpeg 768w, https:\/\/noel-a-lille.com\/wp-content\/uploads\/2024\/01\/image00004-1-1140x1710.jpeg 1140w, https:\/\/noel-a-lille.com\/wp-content\/uploads\/2024\/01\/image00004-1.jpeg 1365w\" sizes=\"(max-width: 683px) 100vw, 683px\" \/><\/figure>\n\n\n\n<p class=\"wp-block-paragraph\"><\/p>\n<\/div>\n<\/div>\n\n\n\n<p class=\"wp-block-paragraph\"><\/p>\n<\/div>\n\n\n\n<div class=\"wp-block-column is-layout-flow wp-block-column-is-layout-flow\">\n<div class=\"wp-block-columns has-2-columns is-layout-flex wp-container-core-columns-is-layout-8f761849 wp-block-columns-is-layout-flex\">\n<div class=\"wp-block-column is-layout-flow wp-block-column-is-layout-flow\">\n<figure class=\"wp-block-image\"><img loading=\"lazy\" decoding=\"async\" width=\"679\" height=\"1024\" src=\"http:\/\/noel-a-lille.com\/wp-content\/uploads\/2024\/01\/DSC00826-2-679x1024.jpeg\" alt=\"\" class=\"wp-image-2593\" srcset=\"https:\/\/noel-a-lille.com\/wp-content\/uploads\/2024\/01\/DSC00826-2-679x1024.jpeg 679w, https:\/\/noel-a-lille.com\/wp-content\/uploads\/2024\/01\/DSC00826-2-199x300.jpeg 199w, https:\/\/noel-a-lille.com\/wp-content\/uploads\/2024\/01\/DSC00826-2-768x1158.jpeg 768w, https:\/\/noel-a-lille.com\/wp-content\/uploads\/2024\/01\/DSC00826-2.jpeg 1138w\" sizes=\"(max-width: 679px) 100vw, 679px\" \/><\/figure>\n<\/div>\n\n\n\n<div class=\"wp-block-column is-layout-flow wp-block-column-is-layout-flow\">\n<figure class=\"wp-block-image\"><img loading=\"lazy\" decoding=\"async\" width=\"683\" height=\"1024\" src=\"http:\/\/noel-a-lille.com\/wp-content\/uploads\/2024\/01\/DSC4808-1-683x1024.jpeg\" alt=\"\" class=\"wp-image-2581\" srcset=\"https:\/\/noel-a-lille.com\/wp-content\/uploads\/2024\/01\/DSC4808-1-683x1024.jpeg 683w, https:\/\/noel-a-lille.com\/wp-content\/uploads\/2024\/01\/DSC4808-1-200x300.jpeg 200w, https:\/\/noel-a-lille.com\/wp-content\/uploads\/2024\/01\/DSC4808-1-768x1152.jpeg 768w, https:\/\/noel-a-lille.com\/wp-content\/uploads\/2024\/01\/DSC4808-1-1140x1710.jpeg 1140w, https:\/\/noel-a-lille.com\/wp-content\/uploads\/2024\/01\/DSC4808-1.jpeg 1365w\" sizes=\"(max-width: 683px) 100vw, 683px\" \/><\/figure>\n<\/div>\n<\/div>\n\n\n\n<p class=\"wp-block-paragraph\"><\/p>\n<\/div>\n<\/div>\n\n\n\n<p class=\"wp-block-paragraph\"><\/p>\n\n\n\n<h3 class=\"wp-block-heading\">Register for the Lille Christmas Market<\/h3>\n\n\n\n<div style=\"height:63px\" aria-hidden=\"true\" class=\"wp-block-spacer\"><\/div>\n\n\n\n<p class=\"wp-block-paragraph\"><strong>Every year, the Lille Trade Federation strives to bring novelty and highlight local and regional craftsmanship. <\/strong>Therefore, a call is made to all artisans and merchants in our region and in France who wish to make their activity known to a wide audience over a period of six weeks.<\/p>\n\n\n\n<div style=\"height:32px\" aria-hidden=\"true\" class=\"wp-block-spacer\"><\/div>\n\n\n\n<p class=\"wp-block-paragraph\"><strong>The application file is available for download. <a href=\"https:\/\/noel-a-lille.com\/wp-content\/uploads\/2026\/01\/Dossier-de-candidature_VDN2026.pdf\">clicking here<\/a>.<\/strong> If you are a merchant, artisan, or producer and you identify with the DNA of the Lille Christmas Village, send in your application! To apply: <\/p>\n\n\n\n<ul class=\"wp-block-list\"><li>Download the application form <a href=\"http:\/\/noel-a-lille.com\/wp-content\/uploads\/2026\/01\/Dossier-de-candidature_VDN2026.pdf\">BY CLICKING HERE<\/a><\/li><li>Fill out the file with as much information as possible about your products (details of the offer, prices, product origin, and place of manufacture).<\/li><li>Add photos of your products and previous retail spaces to it.<\/li><li>Send your complete application by mail or email (contact details mentioned on the application)<\/li><\/ul>\n\n\n\n<div style=\"height:40px\" aria-hidden=\"true\" class=\"wp-block-spacer\"><\/div>\n\n\n\n<p class=\"wp-block-paragraph\">The applications are then reviewed by a selection committee. The results are communicated in May\/June. Any incomplete file will not be processed. <\/p>\n\n\n\n<div style=\"height:99px\" aria-hidden=\"true\" class=\"wp-block-spacer\"><\/div>\n\n\n\n<h4 class=\"wp-block-heading\" style=\"text-align:center\">APPLICATIONS ARE OPEN FOR 2026<\/h4>\n\n\n\n<p style=\"text-align:center\" class=\"has-small-font-size wp-block-paragraph\">You are on the official website of the Lille Christmas Village. You can only apply by completing our application form, which will be reviewed during the selection committees organized by the Lille Federation of Commerce. No other organization can get you a spot! <\/p>\n\n\n\n<div style=\"height:56px\" aria-hidden=\"true\" class=\"wp-block-spacer\"><\/div>","protected":false},"excerpt":{"rendered":"<p>The Lille Christmas Village will return for a new edition in 2026!<\/p>","protected":false},"author":1,"featured_media":2540,"comment_status":"closed","ping_status":"closed","sticky":true,"template":"","format":"standard","meta":{"saved_in_kubio":false,"footnotes":""},"categories":[1],"tags":[],"class_list":["post-2771","post","type-post","status-publish","format-standard","has-post-thumbnail","hentry","category-caroussel-une"],"yoast_head":"<!-- This site is optimized with the Yoast SEO plugin v28.4 - https:\/\/yoast.com\/product\/yoast-seo-wordpress\/ -->\n<title>Village de No\u00ebl de Lille 2026 : les candidatures sont ouvertes ! - Village de No\u00ebl de Lille<\/title>\n<meta name=\"robots\" content=\"index, follow, max-snippet:-1, max-image-preview:large, max-video-preview:-1\" \/>\n<link rel=\"canonical\" href=\"https:\/\/noel-a-lille.com\/en\/village-de-noel-de-lille-2026-les-inscriptions-sont-ouvertes-2\/\" \/>\n<meta property=\"og:locale\" content=\"en_US\" \/>\n<meta property=\"og:type\" content=\"article\" \/>\n<meta property=\"og:title\" content=\"Village de No\u00ebl de Lille 2026 : les candidatures sont ouvertes ! - Village de No\u00ebl de Lille\" \/>\n<meta property=\"og:description\" content=\"Le Village de No\u00ebl de Lille sera de retour pour une nouvelle \u00e9dition en 2026 !\" \/>\n<meta property=\"og:url\" content=\"https:\/\/noel-a-lille.com\/en\/village-de-noel-de-lille-2026-les-inscriptions-sont-ouvertes-2\/\" \/>\n<meta property=\"og:site_name\" content=\"Village de No\u00ebl de Lille\" \/>\n<meta property=\"article:published_time\" content=\"2026-01-26T09:06:09+00:00\" \/>\n<meta property=\"article:modified_time\" content=\"2026-01-27T08:25:09+00:00\" \/>\n<meta property=\"og:image\" content=\"https:\/\/noel-a-lille.com\/wp-content\/uploads\/2024\/01\/DSC4862.jpg\" \/>\n\t<meta property=\"og:image:width\" content=\"1365\" \/>\n\t<meta property=\"og:image:height\" content=\"2048\" \/>\n\t<meta property=\"og:image:type\" content=\"image\/jpeg\" \/>\n<meta name=\"author\" content=\"FLCAS\" \/>\n<meta name=\"twitter:card\" content=\"summary_large_image\" \/>\n<meta name=\"twitter:label1\" content=\"Written by\" \/>\n\t<meta name=\"twitter:data1\" content=\"FLCAS\" \/>\n\t<meta name=\"twitter:label2\" content=\"Est. reading time\" \/>\n\t<meta name=\"twitter:data2\" content=\"3 minutes\" \/>\n<script type=\"application\/ld+json\" class=\"yoast-schema-graph\">{\"@context\":\"https:\\\/\\\/schema.org\",\"@graph\":[{\"@type\":\"Article\",\"@id\":\"https:\\\/\\\/noel-a-lille.com\\\/village-de-noel-de-lille-2026-les-inscriptions-sont-ouvertes-2\\\/#article\",\"isPartOf\":{\"@id\":\"https:\\\/\\\/noel-a-lille.com\\\/village-de-noel-de-lille-2026-les-inscriptions-sont-ouvertes-2\\\/\"},\"author\":{\"name\":\"FLCAS\",\"@id\":\"http:\\\/\\\/noel-a-lille.com\\\/#\\\/schema\\\/person\\\/aab49807d0c2aba6a2a7749e9ad0b115\"},\"headline\":\"Village de No\u00ebl de Lille 2026 : les candidatures sont ouvertes !\",\"datePublished\":\"2026-01-26T09:06:09+00:00\",\"dateModified\":\"2026-01-27T08:25:09+00:00\",\"mainEntityOfPage\":{\"@id\":\"https:\\\/\\\/noel-a-lille.com\\\/village-de-noel-de-lille-2026-les-inscriptions-sont-ouvertes-2\\\/\"},\"wordCount\":674,\"publisher\":{\"@id\":\"http:\\\/\\\/noel-a-lille.com\\\/#organization\"},\"image\":{\"@id\":\"https:\\\/\\\/noel-a-lille.com\\\/village-de-noel-de-lille-2026-les-inscriptions-sont-ouvertes-2\\\/#primaryimage\"},\"thumbnailUrl\":\"https:\\\/\\\/noel-a-lille.com\\\/wp-content\\\/uploads\\\/2024\\\/01\\\/DSC4862.jpg\",\"articleSection\":[\"NO\u00cbL \u00c0 LILLE\"],\"inLanguage\":\"en-US\"},{\"@type\":\"WebPage\",\"@id\":\"https:\\\/\\\/noel-a-lille.com\\\/village-de-noel-de-lille-2026-les-inscriptions-sont-ouvertes-2\\\/\",\"url\":\"https:\\\/\\\/noel-a-lille.com\\\/village-de-noel-de-lille-2026-les-inscriptions-sont-ouvertes-2\\\/\",\"name\":\"Village de No\u00ebl de Lille 2026 : les candidatures sont ouvertes ! - Village de No\u00ebl de Lille\",\"isPartOf\":{\"@id\":\"http:\\\/\\\/noel-a-lille.com\\\/#website\"},\"primaryImageOfPage\":{\"@id\":\"https:\\\/\\\/noel-a-lille.com\\\/village-de-noel-de-lille-2026-les-inscriptions-sont-ouvertes-2\\\/#primaryimage\"},\"image\":{\"@id\":\"https:\\\/\\\/noel-a-lille.com\\\/village-de-noel-de-lille-2026-les-inscriptions-sont-ouvertes-2\\\/#primaryimage\"},\"thumbnailUrl\":\"https:\\\/\\\/noel-a-lille.com\\\/wp-content\\\/uploads\\\/2024\\\/01\\\/DSC4862.jpg\",\"datePublished\":\"2026-01-26T09:06:09+00:00\",\"dateModified\":\"2026-01-27T08:25:09+00:00\",\"breadcrumb\":{\"@id\":\"https:\\\/\\\/noel-a-lille.com\\\/village-de-noel-de-lille-2026-les-inscriptions-sont-ouvertes-2\\\/#breadcrumb\"},\"inLanguage\":\"en-US\",\"potentialAction\":[{\"@type\":\"ReadAction\",\"target\":[\"https:\\\/\\\/noel-a-lille.com\\\/village-de-noel-de-lille-2026-les-inscriptions-sont-ouvertes-2\\\/\"]}]},{\"@type\":\"ImageObject\",\"inLanguage\":\"en-US\",\"@id\":\"https:\\\/\\\/noel-a-lille.com\\\/village-de-noel-de-lille-2026-les-inscriptions-sont-ouvertes-2\\\/#primaryimage\",\"url\":\"https:\\\/\\\/noel-a-lille.com\\\/wp-content\\\/uploads\\\/2024\\\/01\\\/DSC4862.jpg\",\"contentUrl\":\"https:\\\/\\\/noel-a-lille.com\\\/wp-content\\\/uploads\\\/2024\\\/01\\\/DSC4862.jpg\",\"width\":1365,\"height\":2048,\"caption\":\"noel a lille\"},{\"@type\":\"BreadcrumbList\",\"@id\":\"https:\\\/\\\/noel-a-lille.com\\\/village-de-noel-de-lille-2026-les-inscriptions-sont-ouvertes-2\\\/#breadcrumb\",\"itemListElement\":[{\"@type\":\"ListItem\",\"position\":1,\"name\":\"Accueil\",\"item\":\"http:\\\/\\\/noel-a-lille.com\\\/\"},{\"@type\":\"ListItem\",\"position\":2,\"name\":\"Village de No\u00ebl de Lille 2026 : les candidatures sont ouvertes !\"}]},{\"@type\":\"WebSite\",\"@id\":\"http:\\\/\\\/noel-a-lille.com\\\/#website\",\"url\":\"http:\\\/\\\/noel-a-lille.com\\\/\",\"name\":\"Village de No\u00ebl de Lille\",\"description\":\"La magie de No\u00ebl \u00e0 Lille\",\"publisher\":{\"@id\":\"http:\\\/\\\/noel-a-lille.com\\\/#organization\"},\"potentialAction\":[{\"@type\":\"SearchAction\",\"target\":{\"@type\":\"EntryPoint\",\"urlTemplate\":\"http:\\\/\\\/noel-a-lille.com\\\/?s={search_term_string}\"},\"query-input\":{\"@type\":\"PropertyValueSpecification\",\"valueRequired\":true,\"valueName\":\"search_term_string\"}}],\"inLanguage\":\"en-US\"},{\"@type\":\"Organization\",\"@id\":\"http:\\\/\\\/noel-a-lille.com\\\/#organization\",\"name\":\"Village de No\u00ebl de Lille\",\"url\":\"http:\\\/\\\/noel-a-lille.com\\\/\",\"logo\":{\"@type\":\"ImageObject\",\"inLanguage\":\"en-US\",\"@id\":\"http:\\\/\\\/noel-a-lille.com\\\/#\\\/schema\\\/logo\\\/image\\\/\",\"url\":\"https:\\\/\\\/noel-a-lille.com\\\/wp-content\\\/uploads\\\/2026\\\/07\\\/logo-vdn-couleur-sans-attache.png\",\"contentUrl\":\"https:\\\/\\\/noel-a-lille.com\\\/wp-content\\\/uploads\\\/2026\\\/07\\\/logo-vdn-couleur-sans-attache.png\",\"width\":893,\"height\":822,\"caption\":\"Village de No\u00ebl de Lille\"},\"image\":{\"@id\":\"http:\\\/\\\/noel-a-lille.com\\\/#\\\/schema\\\/logo\\\/image\\\/\"},\"sameAs\":[\"https:\\\/\\\/www.instagram.com\\\/villagedenoeldelille\\\/\"]},{\"@type\":\"Person\",\"@id\":\"http:\\\/\\\/noel-a-lille.com\\\/#\\\/schema\\\/person\\\/aab49807d0c2aba6a2a7749e9ad0b115\",\"name\":\"FLCAS\",\"image\":{\"@type\":\"ImageObject\",\"inLanguage\":\"en-US\",\"@id\":\"https:\\\/\\\/secure.gravatar.com\\\/avatar\\\/bfb9c38db73a92ba9c5398970fc38fd55695f27b6352f85b511a7101d1e76dad?s=96&d=mm&r=g\",\"url\":\"https:\\\/\\\/secure.gravatar.com\\\/avatar\\\/bfb9c38db73a92ba9c5398970fc38fd55695f27b6352f85b511a7101d1e76dad?s=96&d=mm&r=g\",\"contentUrl\":\"https:\\\/\\\/secure.gravatar.com\\\/avatar\\\/bfb9c38db73a92ba9c5398970fc38fd55695f27b6352f85b511a7101d1e76dad?s=96&d=mm&r=g\",\"caption\":\"FLCAS\"},\"url\":\"https:\\\/\\\/noel-a-lille.com\\\/en\\\/author\\\/flcas\\\/\"}]}<\/script>\n<!-- \/ Yoast SEO plugin. -->","yoast_head_json":{"title":"Village de No\u00ebl de Lille 2026 : les candidatures sont ouvertes ! - Village de No\u00ebl de Lille","robots":{"index":"index","follow":"follow","max-snippet":"max-snippet:-1","max-image-preview":"max-image-preview:large","max-video-preview":"max-video-preview:-1"},"canonical":"https:\/\/noel-a-lille.com\/en\/village-de-noel-de-lille-2026-les-inscriptions-sont-ouvertes-2\/","og_locale":"en_US","og_type":"article","og_title":"Village de No\u00ebl de Lille 2026 : les candidatures sont ouvertes ! - Village de No\u00ebl de Lille","og_description":"Le Village de No\u00ebl de Lille sera de retour pour une nouvelle \u00e9dition en 2026 !","og_url":"https:\/\/noel-a-lille.com\/en\/village-de-noel-de-lille-2026-les-inscriptions-sont-ouvertes-2\/","og_site_name":"Village de No\u00ebl de Lille","article_published_time":"2026-01-26T09:06:09+00:00","article_modified_time":"2026-01-27T08:25:09+00:00","og_image":[{"width":1365,"height":2048,"url":"https:\/\/noel-a-lille.com\/wp-content\/uploads\/2024\/01\/DSC4862.jpg","type":"image\/jpeg"}],"author":"FLCAS","twitter_card":"summary_large_image","twitter_misc":{"Written by":"FLCAS","Est. reading time":"3 minutes"},"schema":{"@context":"https:\/\/schema.org","@graph":[{"@type":"Article","@id":"https:\/\/noel-a-lille.com\/village-de-noel-de-lille-2026-les-inscriptions-sont-ouvertes-2\/#article","isPartOf":{"@id":"https:\/\/noel-a-lille.com\/village-de-noel-de-lille-2026-les-inscriptions-sont-ouvertes-2\/"},"author":{"name":"FLCAS","@id":"http:\/\/noel-a-lille.com\/#\/schema\/person\/aab49807d0c2aba6a2a7749e9ad0b115"},"headline":"Village de No\u00ebl de Lille 2026 : les candidatures sont ouvertes !","datePublished":"2026-01-26T09:06:09+00:00","dateModified":"2026-01-27T08:25:09+00:00","mainEntityOfPage":{"@id":"https:\/\/noel-a-lille.com\/village-de-noel-de-lille-2026-les-inscriptions-sont-ouvertes-2\/"},"wordCount":674,"publisher":{"@id":"http:\/\/noel-a-lille.com\/#organization"},"image":{"@id":"https:\/\/noel-a-lille.com\/village-de-noel-de-lille-2026-les-inscriptions-sont-ouvertes-2\/#primaryimage"},"thumbnailUrl":"https:\/\/noel-a-lille.com\/wp-content\/uploads\/2024\/01\/DSC4862.jpg","articleSection":["NO\u00cbL \u00c0 LILLE"],"inLanguage":"en-US"},{"@type":"WebPage","@id":"https:\/\/noel-a-lille.com\/village-de-noel-de-lille-2026-les-inscriptions-sont-ouvertes-2\/","url":"https:\/\/noel-a-lille.com\/village-de-noel-de-lille-2026-les-inscriptions-sont-ouvertes-2\/","name":"Village de No\u00ebl de Lille 2026 : les candidatures sont ouvertes ! - Village de No\u00ebl de Lille","isPartOf":{"@id":"http:\/\/noel-a-lille.com\/#website"},"primaryImageOfPage":{"@id":"https:\/\/noel-a-lille.com\/village-de-noel-de-lille-2026-les-inscriptions-sont-ouvertes-2\/#primaryimage"},"image":{"@id":"https:\/\/noel-a-lille.com\/village-de-noel-de-lille-2026-les-inscriptions-sont-ouvertes-2\/#primaryimage"},"thumbnailUrl":"https:\/\/noel-a-lille.com\/wp-content\/uploads\/2024\/01\/DSC4862.jpg","datePublished":"2026-01-26T09:06:09+00:00","dateModified":"2026-01-27T08:25:09+00:00","breadcrumb":{"@id":"https:\/\/noel-a-lille.com\/village-de-noel-de-lille-2026-les-inscriptions-sont-ouvertes-2\/#breadcrumb"},"inLanguage":"en-US","potentialAction":[{"@type":"ReadAction","target":["https:\/\/noel-a-lille.com\/village-de-noel-de-lille-2026-les-inscriptions-sont-ouvertes-2\/"]}]},{"@type":"ImageObject","inLanguage":"en-US","@id":"https:\/\/noel-a-lille.com\/village-de-noel-de-lille-2026-les-inscriptions-sont-ouvertes-2\/#primaryimage","url":"https:\/\/noel-a-lille.com\/wp-content\/uploads\/2024\/01\/DSC4862.jpg","contentUrl":"https:\/\/noel-a-lille.com\/wp-content\/uploads\/2024\/01\/DSC4862.jpg","width":1365,"height":2048,"caption":"noel a lille"},{"@type":"BreadcrumbList","@id":"https:\/\/noel-a-lille.com\/village-de-noel-de-lille-2026-les-inscriptions-sont-ouvertes-2\/#breadcrumb","itemListElement":[{"@type":"ListItem","position":1,"name":"Accueil","item":"http:\/\/noel-a-lille.com\/"},{"@type":"ListItem","position":2,"name":"Village de No\u00ebl de Lille 2026 : les candidatures sont ouvertes !"}]},{"@type":"WebSite","@id":"http:\/\/noel-a-lille.com\/#website","url":"http:\/\/noel-a-lille.com\/","name":"Lille Christmas Market","description":"The magic of Christmas in Lille","publisher":{"@id":"http:\/\/noel-a-lille.com\/#organization"},"potentialAction":[{"@type":"SearchAction","target":{"@type":"EntryPoint","urlTemplate":"http:\/\/noel-a-lille.com\/?s={search_term_string}"},"query-input":{"@type":"PropertyValueSpecification","valueRequired":true,"valueName":"search_term_string"}}],"inLanguage":"en-US"},{"@type":"Organization","@id":"http:\/\/noel-a-lille.com\/#organization","name":"Lille Christmas Market","url":"http:\/\/noel-a-lille.com\/","logo":{"@type":"ImageObject","inLanguage":"en-US","@id":"http:\/\/noel-a-lille.com\/#\/schema\/logo\/image\/","url":"https:\/\/noel-a-lille.com\/wp-content\/uploads\/2026\/07\/logo-vdn-couleur-sans-attache.png","contentUrl":"https:\/\/noel-a-lille.com\/wp-content\/uploads\/2026\/07\/logo-vdn-couleur-sans-attache.png","width":893,"height":822,"caption":"Village de No\u00ebl de Lille"},"image":{"@id":"http:\/\/noel-a-lille.com\/#\/schema\/logo\/image\/"},"sameAs":["https:\/\/www.instagram.com\/villagedenoeldelille\/"]},{"@type":"Person","@id":"http:\/\/noel-a-lille.com\/#\/schema\/person\/aab49807d0c2aba6a2a7749e9ad0b115","name":"FLCAS","image":{"@type":"ImageObject","inLanguage":"en-US","@id":"https:\/\/secure.gravatar.com\/avatar\/bfb9c38db73a92ba9c5398970fc38fd55695f27b6352f85b511a7101d1e76dad?s=96&d=mm&r=g","url":"https:\/\/secure.gravatar.com\/avatar\/bfb9c38db73a92ba9c5398970fc38fd55695f27b6352f85b511a7101d1e76dad?s=96&d=mm&r=g","contentUrl":"https:\/\/secure.gravatar.com\/avatar\/bfb9c38db73a92ba9c5398970fc38fd55695f27b6352f85b511a7101d1e76dad?s=96&d=mm&r=g","caption":"FLCAS"},"url":"https:\/\/noel-a-lille.com\/en\/author\/flcas\/"}]}},"_links":{"self":[{"href":"https:\/\/noel-a-lille.com\/en\/wp-json\/wp\/v2\/posts\/2771","targetHints":{"allow":["GET"]}}],"collection":[{"href":"https:\/\/noel-a-lille.com\/en\/wp-json\/wp\/v2\/posts"}],"about":[{"href":"https:\/\/noel-a-lille.com\/en\/wp-json\/wp\/v2\/types\/post"}],"author":[{"embeddable":true,"href":"https:\/\/noel-a-lille.com\/en\/wp-json\/wp\/v2\/users\/1"}],"replies":[{"embeddable":true,"href":"https:\/\/noel-a-lille.com\/en\/wp-json\/wp\/v2\/comments?post=2771"}],"version-history":[{"count":4,"href":"https:\/\/noel-a-lille.com\/en\/wp-json\/wp\/v2\/posts\/2771\/revisions"}],"predecessor-version":[{"id":2777,"href":"https:\/\/noel-a-lille.com\/en\/wp-json\/wp\/v2\/posts\/2771\/revisions\/2777"}],"wp:featuredmedia":[{"embeddable":true,"href":"https:\/\/noel-a-lille.com\/en\/wp-json\/wp\/v2\/media\/2540"}],"wp:attachment":[{"href":"https:\/\/noel-a-lille.com\/en\/wp-json\/wp\/v2\/media?parent=2771"}],"wp:term":[{"taxonomy":"category","embeddable":true,"href":"https:\/\/noel-a-lille.com\/en\/wp-json\/wp\/v2\/categories?post=2771"},{"taxonomy":"post_tag","embeddable":true,"href":"https:\/\/noel-a-lille.com\/en\/wp-json\/wp\/v2\/tags?post=2771"}],"curies":[{"name":"Well played","href":"https:\/\/api.w.org\/{rel}","templated":true}]}}