{"id":2733,"date":"2025-10-23T12:51:15","date_gmt":"2025-10-23T10:51:15","guid":{"rendered":"http:\/\/noel-a-lille.com\/?p=2733"},"modified":"2025-12-03T11:56:59","modified_gmt":"2025-12-03T10:56:59","slug":"village-de-noel-de-lille-2024-les-inscriptions-sont-ouvertes-2","status":"publish","type":"post","link":"https:\/\/noel-a-lille.com\/en\/village-de-noel-de-lille-2024-les-inscriptions-sont-ouvertes-2\/","title":{"rendered":"Lille Christmas Village 2025: from November 19 to December 30!"},"content":{"rendered":"<div style=\"height:55px\" aria-hidden=\"true\" class=\"wp-block-spacer\"><\/div>\n\n\n\n<p class=\"has-normal-font-size wp-block-paragraph\"><strong>Le Village de No\u00ebl de Lille sera de retour pour une nouvelle \u00e9dition du mercredi 19 novembre au mardi 30 d\u00e9cembre 2025.  Nos chalets en bois reviendront sur la Place Rihour et accueilleront commer\u00e7ants, artisans et producteurs souhaitant vous faire&nbsp;d\u00e9couvrir&nbsp;leur&nbsp;savoir-faire et leurs sp\u00e9cialit\u00e9s.  <\/strong><\/p>\n\n\n\n<div style=\"height:30px\" aria-hidden=\"true\" class=\"wp-block-spacer\"><\/div>\n\n\n\n<p class=\"wp-block-paragraph\"><\/p>\n\n\n\n<p class=\"wp-block-paragraph\"> In total<strong>, there are 90 chalets that will be set up on Place Rihour&nbsp;<\/strong>and which will be run by shopkeepers, artisans and producers&nbsp;<strong>for 6 weeks.&nbsp;<\/strong><\/p>\n\n\n\n<p class=\"wp-block-paragraph\">Each year,&nbsp;<strong>it is more than one million visitors,<\/strong>&nbsp;coming from neighboring countries, who wander through our aisles to spend a comforting moment there&nbsp;<strong>with family or friends<\/strong>&nbsp;and do their shopping there.&nbsp;<\/p>\n\n\n\n<p class=\"wp-block-paragraph\">The Lille Christmas Market&nbsp;<strong>is open to everyone.<\/strong>&nbsp;Enjoy a timeless moment alongside our exhibitors. You can also enjoy musical and light entertainment for a truly wondrous experience.<\/p>\n\n\n\n<div style=\"height:55px\" aria-hidden=\"true\" class=\"wp-block-spacer\"><\/div>\n\n\n\n<p class=\"wp-block-paragraph\"><\/p>\n\n\n\n<p class=\"wp-block-paragraph\"><em>The Lille Christmas market will be back from November 19 to December 30, 2025. 90 cabins will be installed on Place Rihour and will be run by traders, artisans and producers for 6 weeks. Every year, more than a million visitors from neighboring countries wander through our aisles to come and spend a comforting moment with family or friends and do their shopping. The Christmas market is open to everyone, for all ages and from all backgrounds. Spend a timeless moment alongside our exhibitors. Also enjoy musical and light entertainment for a time of wonder.<\/em><\/p>\n\n\n\n<div style=\"height:102px\" aria-hidden=\"true\" class=\"wp-block-spacer\"><\/div>\n\n\n\n<div style=\"height:71px\" aria-hidden=\"true\" class=\"wp-block-spacer\"><\/div>\n\n\n\n<figure class=\"wp-block-image\"><img loading=\"lazy\" decoding=\"async\" width=\"1024\" height=\"424\" src=\"http:\/\/noel-a-lille.com\/wp-content\/uploads\/2024\/01\/March\u00e9-de-No\u00ebl-Lille-5-1024x424.jpg\" alt=\"marche de noel lille\" class=\"wp-image-2429\" srcset=\"https:\/\/noel-a-lille.com\/wp-content\/uploads\/2024\/01\/March\u00e9-de-No\u00ebl-Lille-5-1024x424.jpg 1024w, https:\/\/noel-a-lille.com\/wp-content\/uploads\/2024\/01\/March\u00e9-de-No\u00ebl-Lille-5-300x124.jpg 300w, https:\/\/noel-a-lille.com\/wp-content\/uploads\/2024\/01\/March\u00e9-de-No\u00ebl-Lille-5-768x318.jpg 768w, https:\/\/noel-a-lille.com\/wp-content\/uploads\/2024\/01\/March\u00e9-de-No\u00ebl-Lille-5-1140x471.jpg 1140w\" sizes=\"(max-width: 1024px) 100vw, 1024px\" \/><\/figure>\n\n\n\n<div class=\"wp-block-columns has-2-columns is-layout-flex wp-container-core-columns-is-layout-8f761849 wp-block-columns-is-layout-flex\">\n<div class=\"wp-block-column is-layout-flow wp-block-column-is-layout-flow\"><\/div>\n\n\n\n<div class=\"wp-block-column is-layout-flow wp-block-column-is-layout-flow\"><\/div>\n<\/div>\n\n\n\n<div style=\"height:89px\" aria-hidden=\"true\" class=\"wp-block-spacer\"><\/div>\n\n\n\n<h3 class=\"wp-block-heading\">Practical information<\/h3>\n\n\n\n<div style=\"height:41px\" aria-hidden=\"true\" class=\"wp-block-spacer\"><\/div>\n\n\n\n<p class=\"wp-block-paragraph\"><strong>Location:<\/strong> Rihour Square \u2013 59000 Lille <\/p>\n\n\n\n<div style=\"height:20px\" aria-hidden=\"true\" class=\"wp-block-spacer\"><\/div>\n\n\n\n<p class=\"wp-block-paragraph\"><strong>Dates <\/strong>: du 19 novembre au 30 d\u00e9cembre 2025 <\/p>\n\n\n\n<div style=\"height:20px\" aria-hidden=\"true\" class=\"wp-block-spacer\"><\/div>\n\n\n\n<p class=\"wp-block-paragraph\"><strong>Hours: <\/strong><\/p>\n\n\n\n<p class=\"wp-block-paragraph\">From Monday to Thursday and Sunday: from 11:00 AM to 8:30 PM<\/p>\n\n\n\n<p class=\"wp-block-paragraph\">Friday \u2013 Saturday: 11:00 AM \u2013 10:00 PM <\/p>\n\n\n\n<p class=\"wp-block-paragraph\">Fermeture \u00e0 18h00 le 24 d\u00e9cembre. Ferm\u00e9 le 25 d\u00e9cembre.<\/p>\n\n\n\n<p class=\"wp-block-paragraph\"><strong>Access:&nbsp;<\/strong><\/p>\n\n\n\n<ul class=\"wp-block-list\"><li>Subway: \u00abRihour\u00bb station \u2013 plan your journey on&nbsp;<a href=\"https:\/\/www.ilevia.fr\">ILEVIA<\/a><\/li><li>Car: park your car in one of the parking lots&nbsp;<a href=\"https:\/\/www.indigoneo.fr\/fr\/events\/553\">INDIGO<\/a><\/li><li>Train: stop \u00abGare Lille Flandres\u00bb or \u00abLille Europe\u00bb<\/li><li>Plane: shuttles to the city center from the\u2019<a href=\"https:\/\/www.lille.aeroport.fr\">Lille-Lesquin Airport<\/a><\/li><\/ul>\n\n\n\n<div style=\"height:119px\" aria-hidden=\"true\" class=\"wp-block-spacer\"><\/div>\n\n\n\n<h3 class=\"wp-block-heading\">Un march\u00e9 diversifi\u00e9 et convivial<\/h3>\n\n\n\n<div style=\"height:51px\" aria-hidden=\"true\" class=\"wp-block-spacer\"><\/div>\n\n\n\n<p class=\"wp-block-paragraph\"><strong>La F\u00e9d\u00e9ration Lilloise du Commerce, organisateur du march\u00e9 de No\u00ebl de Lille, tient continuellement \u00e0 proposer un large choix de produits originaux et de qualit\u00e9 <\/strong> : les produits incontournables de No\u00ebl, les cadeaux gourmands, les produits fins, les d\u00e9corations pour la maison, le pr\u00eat-\u00e0-porter, les bijoux et autres accessoires, les jeux et jouets ou encore les produits bien-\u00eatre. <a rel=\"noreferrer noopener\" aria-label=\"En savoir plus. (s\u2019ouvre dans un nouvel onglet)\" href=\"http:\/\/noel-a-lille.com\/en\/les-artisans\/\" target=\"_blank\">En savoir plus.<\/a><\/p>\n\n\n\n<p class=\"wp-block-paragraph\">Mais aussi <strong>une offre alimentaire sal\u00e9e et sucr\u00e9e<\/strong> pour bien se rassasier et se r\u00e9chauffer : vin chaud, chocolat chaud, plats \u00e0 base de fromage et gourmandises sucr\u00e9es ! <\/p>\n\n\n\n<div style=\"height:49px\" aria-hidden=\"true\" class=\"wp-block-spacer\"><\/div>\n\n\n\n<p class=\"wp-block-paragraph\"><strong>Un programme d&rsquo;animations est propos\u00e9 aux petits&nbsp;et&nbsp;grands<\/strong> avec des d\u00e9ambulations musicales et lumineuses les mercredis soirs et des session de quiz les vendredis avec notre partenaire RTL2.<\/p>\n\n\n\n<p class=\"wp-block-paragraph\"><\/p>\n\n\n\n<p class=\"wp-block-paragraph\"><strong>Le 26 novembre<\/strong>&nbsp;\u2013 Atelier magie : de&nbsp;14h \u00e0 17h.&nbsp;Carport (\u00e0 c\u00f4t\u00e9 du man\u00e8ge).<\/p>\n\n\n\n<p class=\"wp-block-paragraph\"><strong>Le 3 d\u00e9cembre<\/strong>&nbsp;\u2013 <strong>Duo flamboyant<\/strong>&nbsp;: de&nbsp;17h30 \u00e0 19h30.&nbsp;D\u00e9ambulations dans le village.<\/p>\n\n\n\n<p class=\"wp-block-paragraph\"><strong>Le 10 d\u00e9cembre<\/strong>&nbsp;\u2013 <strong>Atelier maquillage f\u00e9erique : <\/strong>de<strong>&nbsp;<\/strong>14h \u00e0 17h.&nbsp;Carport (\u00e0 c\u00f4t\u00e9 du man\u00e8ge).<\/p>\n\n\n\n<p class=\"wp-block-paragraph\"><strong>Le 17 d\u00e9cembre<\/strong>&nbsp;\u2013 <strong>Jongleur lumineux<\/strong>&nbsp;de&nbsp;16h30 \u00e0 19h30.&nbsp;D\u00e9ambulations dans le village.<\/p>\n\n\n\n<p class=\"wp-block-paragraph\"><strong>Le 23 d\u00e9cembre<\/strong>&nbsp;\u2013 <strong>Lutin sculpteur de ballons<\/strong>&nbsp;: de&nbsp;14h \u00e0 17h.&nbsp;Carport (\u00e0 c\u00f4t\u00e9 du man\u00e8ge).<\/p>\n\n\n\n<div style=\"height:37px\" aria-hidden=\"true\" class=\"wp-block-spacer\"><\/div>\n\n\n\n<div class=\"wp-block-columns has-2-columns is-layout-flex wp-container-core-columns-is-layout-8f761849 wp-block-columns-is-layout-flex\">\n<div class=\"wp-block-column is-layout-flow wp-block-column-is-layout-flow\"><\/div>\n\n\n\n<div class=\"wp-block-column is-layout-flow wp-block-column-is-layout-flow\">\n<p class=\"wp-block-paragraph\"><\/p>\n<\/div>\n<\/div>\n\n\n\n<div class=\"wp-block-columns has-2-columns is-layout-flex wp-container-core-columns-is-layout-8f761849 wp-block-columns-is-layout-flex\">\n<div class=\"wp-block-column is-layout-flow wp-block-column-is-layout-flow\">\n<div class=\"wp-block-columns has-2-columns is-layout-flex wp-container-core-columns-is-layout-8f761849 wp-block-columns-is-layout-flex\">\n<div class=\"wp-block-column is-layout-flow wp-block-column-is-layout-flow\">\n<figure class=\"wp-block-image\"><img loading=\"lazy\" decoding=\"async\" width=\"681\" height=\"1024\" src=\"http:\/\/noel-a-lille.com\/wp-content\/uploads\/2024\/01\/DSC00823-4-681x1024.jpeg\" alt=\"noel a lille\" class=\"wp-image-2607\" srcset=\"https:\/\/noel-a-lille.com\/wp-content\/uploads\/2024\/01\/DSC00823-4-681x1024.jpeg 681w, https:\/\/noel-a-lille.com\/wp-content\/uploads\/2024\/01\/DSC00823-4-200x300.jpeg 200w, https:\/\/noel-a-lille.com\/wp-content\/uploads\/2024\/01\/DSC00823-4-768x1155.jpeg 768w, https:\/\/noel-a-lille.com\/wp-content\/uploads\/2024\/01\/DSC00823-4.jpeg 1078w\" sizes=\"(max-width: 681px) 100vw, 681px\" \/><\/figure>\n<\/div>\n\n\n\n<div class=\"wp-block-column is-layout-flow wp-block-column-is-layout-flow\">\n<figure class=\"wp-block-image\"><img loading=\"lazy\" decoding=\"async\" width=\"683\" height=\"1024\" src=\"http:\/\/noel-a-lille.com\/wp-content\/uploads\/2024\/01\/image00004-1-683x1024.jpeg\" alt=\"\" class=\"wp-image-2582\" srcset=\"https:\/\/noel-a-lille.com\/wp-content\/uploads\/2024\/01\/image00004-1-683x1024.jpeg 683w, https:\/\/noel-a-lille.com\/wp-content\/uploads\/2024\/01\/image00004-1-200x300.jpeg 200w, https:\/\/noel-a-lille.com\/wp-content\/uploads\/2024\/01\/image00004-1-768x1152.jpeg 768w, https:\/\/noel-a-lille.com\/wp-content\/uploads\/2024\/01\/image00004-1-1140x1710.jpeg 1140w, https:\/\/noel-a-lille.com\/wp-content\/uploads\/2024\/01\/image00004-1.jpeg 1365w\" sizes=\"(max-width: 683px) 100vw, 683px\" \/><\/figure>\n\n\n\n<p class=\"wp-block-paragraph\"><\/p>\n<\/div>\n<\/div>\n\n\n\n<p class=\"wp-block-paragraph\"><\/p>\n<\/div>\n\n\n\n<div class=\"wp-block-column is-layout-flow wp-block-column-is-layout-flow\">\n<div class=\"wp-block-columns has-2-columns is-layout-flex wp-container-core-columns-is-layout-8f761849 wp-block-columns-is-layout-flex\">\n<div class=\"wp-block-column is-layout-flow wp-block-column-is-layout-flow\">\n<figure class=\"wp-block-image\"><img loading=\"lazy\" decoding=\"async\" width=\"679\" height=\"1024\" src=\"http:\/\/noel-a-lille.com\/wp-content\/uploads\/2024\/01\/DSC00826-2-679x1024.jpeg\" alt=\"\" class=\"wp-image-2593\" srcset=\"https:\/\/noel-a-lille.com\/wp-content\/uploads\/2024\/01\/DSC00826-2-679x1024.jpeg 679w, https:\/\/noel-a-lille.com\/wp-content\/uploads\/2024\/01\/DSC00826-2-199x300.jpeg 199w, https:\/\/noel-a-lille.com\/wp-content\/uploads\/2024\/01\/DSC00826-2-768x1158.jpeg 768w, https:\/\/noel-a-lille.com\/wp-content\/uploads\/2024\/01\/DSC00826-2.jpeg 1138w\" sizes=\"(max-width: 679px) 100vw, 679px\" \/><\/figure>\n<\/div>\n\n\n\n<div class=\"wp-block-column is-layout-flow wp-block-column-is-layout-flow\">\n<figure class=\"wp-block-image\"><img loading=\"lazy\" decoding=\"async\" width=\"683\" height=\"1024\" src=\"http:\/\/noel-a-lille.com\/wp-content\/uploads\/2024\/01\/DSC4808-1-683x1024.jpeg\" alt=\"\" class=\"wp-image-2581\" srcset=\"https:\/\/noel-a-lille.com\/wp-content\/uploads\/2024\/01\/DSC4808-1-683x1024.jpeg 683w, https:\/\/noel-a-lille.com\/wp-content\/uploads\/2024\/01\/DSC4808-1-200x300.jpeg 200w, https:\/\/noel-a-lille.com\/wp-content\/uploads\/2024\/01\/DSC4808-1-768x1152.jpeg 768w, https:\/\/noel-a-lille.com\/wp-content\/uploads\/2024\/01\/DSC4808-1-1140x1710.jpeg 1140w, https:\/\/noel-a-lille.com\/wp-content\/uploads\/2024\/01\/DSC4808-1.jpeg 1365w\" sizes=\"(max-width: 683px) 100vw, 683px\" \/><\/figure>\n<\/div>\n<\/div>\n\n\n\n<p class=\"wp-block-paragraph\"><\/p>\n<\/div>\n<\/div>\n\n\n\n<h4 class=\"wp-block-heading\">Le chalet de la solidarit\u00e9<\/h4>\n\n\n\n<p class=\"wp-block-paragraph\">Each year,&nbsp;<strong>un chalet est d\u00e9di\u00e9 \u00e0 la mise en avant d\u2019associations de la m\u00e9tropole lilloise.&nbsp;<\/strong>G\u00e9r\u00e9 par la mairie de quartier de Lille-Centre, un planning est concoct\u00e9 pour permettre le relai de chaque association. Vous pourrez les d\u00e9couvrir et soutenir leur cause. Il est situ\u00e9 au <strong>chalet n\u00b045.<\/strong><\/p>\n\n\n\n<div style=\"height:63px\" aria-hidden=\"true\" class=\"wp-block-spacer\"><\/div>\n\n\n\n<p class=\"wp-block-paragraph\"><strong>Le planning des associations :&nbsp;<\/strong><\/p>\n\n\n\n<div style=\"height:63px\" aria-hidden=\"true\" class=\"wp-block-spacer\"><\/div>\n\n\n\n<p class=\"wp-block-paragraph\"><strong>Centre Social La Busette&nbsp;&#8211;&nbsp;<\/strong>Mercredi 19 et jeudi 20 novembre \/ Du lundi 24 au mercredi 26 novembre<\/p>\n\n\n\n<p class=\"wp-block-paragraph\"><strong>Wonder Augustine&nbsp;&#8211;<\/strong> Dimanche 14 d\u00e9cembre<\/p>\n\n\n\n<p class=\"wp-block-paragraph\"><strong>Les Cousettes&nbsp;&#8211;<\/strong> Du 8 au 11 d\u00e9cembre<\/p>\n\n\n\n<p class=\"wp-block-paragraph\"><strong>La Cloche&nbsp;&#8211;<\/strong>Les 3 et 4 d\u00e9cembre<\/p>\n\n\n\n<p class=\"wp-block-paragraph\"><strong>Secours Populaire&nbsp;&#8211;<\/strong>Du 5 au 7 d\u00e9cembre<strong>S<\/strong><\/p>\n\n\n\n<p class=\"wp-block-paragraph\"><strong>LEDA&nbsp;&#8211;<\/strong>Du 15 au 17 d\u00e9cembre<\/p>\n\n\n\n<p class=\"wp-block-paragraph\"><strong>Lions Club<\/strong>&nbsp;&#8211; Du 21 au 23 novembre<strong>C<\/strong><\/p>\n\n\n\n<p class=\"wp-block-paragraph\"><strong>EOLE CHRS-LHSS&nbsp;&#8211;<\/strong> Le 18 d\u00e9cembre<\/p>\n\n\n\n<p class=\"wp-block-paragraph\"><strong>EOLE Accueil de jour&nbsp;&#8211;<\/strong> Le 29 novembre et 2 d\u00e9cembre<\/p>\n\n\n\n<p class=\"wp-block-paragraph\"><strong>TA1AMI&nbsp;&#8211;<\/strong>Du 22 au 24 d\u00e9cembre<\/p>\n\n\n\n<p class=\"wp-block-paragraph\"><strong>ASSOCIATION SOUDANAISE&nbsp;&#8211;<\/strong>Du 26 au 28 d\u00e9cembre<\/p>\n\n\n\n<p class=\"wp-block-paragraph\"><strong>F\u00c9LINS D&rsquo;ICI ET D&rsquo;AILLEURS&nbsp;&#8211;&nbsp;<\/strong>Les 30 novembre et 1er d\u00e9cembre \/ Les 12 et 13 d\u00e9cembre \/ Du 19 au 21 d\u00e9cembre<\/p>\n\n\n\n<p class=\"wp-block-paragraph\"><strong>L&rsquo;ARBRE \u00c0 CHATS&nbsp;&#8211;&nbsp;<\/strong>Le 13 d\u00e9cembre \/ Les 20 et 21 d\u00e9cembre<\/p>\n\n\n\n<p class=\"wp-block-paragraph\"><strong>Le sourire d&rsquo;Emma&nbsp;&#8211;&nbsp;<\/strong>Les 27 et 28 novembre<\/p>\n\n\n\n<p class=\"wp-block-paragraph\"><strong>A\u00eblea notre guerri\u00e8re&nbsp;&#8211;&nbsp;<\/strong>Les 29 et 30 d\u00e9cembre<\/p>\n\n\n\n<p class=\"wp-block-paragraph\"><\/p>\n\n\n\n<div style=\"height:111px\" aria-hidden=\"true\" class=\"wp-block-spacer\"><\/div>\n\n\n\n<h4 class=\"wp-block-heading\">Le kit m\u00e9dia du Village de No\u00ebl de Lille 2025<\/h4>\n\n\n\n<p class=\"wp-block-paragraph\">Si vous souhaitez communiquer sur le Village de No\u00ebl de Lille, vous pouvez <a href=\"https:\/\/drive.google.com\/drive\/folders\/1359MZ7nYUyo1KnzlxfgJwj1DLxSFP4tK?usp=sharing\">cliquer sur ce lien<\/a> et retrouver le kit m\u00e9dia officiel.<\/p>\n\n\n\n<div style=\"height:56px\" aria-hidden=\"true\" class=\"wp-block-spacer\"><\/div>","protected":false},"excerpt":{"rendered":"<p>You are on the official website of the Lille Christmas Market. Our event will return to Place Rihour from November 20 to December 29, 2024. Applications are closed. <\/p>","protected":false},"author":1,"featured_media":2738,"comment_status":"closed","ping_status":"closed","sticky":false,"template":"","format":"standard","meta":{"saved_in_kubio":false,"footnotes":""},"categories":[7],"tags":[],"class_list":["post-2733","post","type-post","status-publish","format-standard","has-post-thumbnail","hentry","category-noel-a-lille-25"],"yoast_head":"<!-- This site is optimized with the Yoast SEO plugin v28.4 - https:\/\/yoast.com\/product\/yoast-seo-wordpress\/ -->\n<title>Village de No\u00ebl de Lille 2025 : du 19 novembre au 30 d\u00e9cembre ! - Village de No\u00ebl de Lille<\/title>\n<meta name=\"robots\" content=\"index, follow, max-snippet:-1, max-image-preview:large, max-video-preview:-1\" \/>\n<link rel=\"canonical\" href=\"https:\/\/noel-a-lille.com\/en\/village-de-noel-de-lille-2024-les-inscriptions-sont-ouvertes-2\/\" \/>\n<meta property=\"og:locale\" content=\"en_US\" \/>\n<meta property=\"og:type\" content=\"article\" \/>\n<meta property=\"og:title\" content=\"Village de No\u00ebl de Lille 2025 : du 19 novembre au 30 d\u00e9cembre ! - Village de No\u00ebl de Lille\" \/>\n<meta property=\"og:description\" content=\"Vous \u00eates sur le site officiel du Village de No\u00ebl de Lille. Notre \u00e9v\u00e9nement sera de retour sur la Place Rihour du 20 novembre au 29 d\u00e9cembre 2024. Les candidatures sont closes.\" \/>\n<meta property=\"og:url\" content=\"https:\/\/noel-a-lille.com\/en\/village-de-noel-de-lille-2024-les-inscriptions-sont-ouvertes-2\/\" \/>\n<meta property=\"og:site_name\" content=\"Village de No\u00ebl de Lille\" \/>\n<meta property=\"article:published_time\" content=\"2025-10-23T10:51:15+00:00\" \/>\n<meta property=\"article:modified_time\" content=\"2025-12-03T10:56:59+00:00\" \/>\n<meta property=\"og:image\" content=\"https:\/\/noel-a-lille.com\/wp-content\/uploads\/2025\/10\/facebook_820x312_RVB-01.jpg\" \/>\n\t<meta property=\"og:image:width\" content=\"3417\" \/>\n\t<meta property=\"og:image:height\" content=\"1300\" \/>\n\t<meta property=\"og:image:type\" content=\"image\/jpeg\" \/>\n<meta name=\"author\" content=\"FLCAS\" \/>\n<meta name=\"twitter:card\" content=\"summary_large_image\" \/>\n<meta name=\"twitter:label1\" content=\"Written by\" \/>\n\t<meta name=\"twitter:data1\" content=\"FLCAS\" \/>\n\t<meta name=\"twitter:label2\" content=\"Est. reading time\" \/>\n\t<meta name=\"twitter:data2\" content=\"4 minutes\" \/>\n<script type=\"application\/ld+json\" class=\"yoast-schema-graph\">{\"@context\":\"https:\\\/\\\/schema.org\",\"@graph\":[{\"@type\":\"Article\",\"@id\":\"https:\\\/\\\/noel-a-lille.com\\\/village-de-noel-de-lille-2024-les-inscriptions-sont-ouvertes-2\\\/#article\",\"isPartOf\":{\"@id\":\"https:\\\/\\\/noel-a-lille.com\\\/village-de-noel-de-lille-2024-les-inscriptions-sont-ouvertes-2\\\/\"},\"author\":{\"name\":\"FLCAS\",\"@id\":\"http:\\\/\\\/noel-a-lille.com\\\/#\\\/schema\\\/person\\\/aab49807d0c2aba6a2a7749e9ad0b115\"},\"headline\":\"Village de No\u00ebl de Lille 2025 : du 19 novembre au 30 d\u00e9cembre !\",\"datePublished\":\"2025-10-23T10:51:15+00:00\",\"dateModified\":\"2025-12-03T10:56:59+00:00\",\"mainEntityOfPage\":{\"@id\":\"https:\\\/\\\/noel-a-lille.com\\\/village-de-noel-de-lille-2024-les-inscriptions-sont-ouvertes-2\\\/\"},\"wordCount\":830,\"publisher\":{\"@id\":\"http:\\\/\\\/noel-a-lille.com\\\/#organization\"},\"image\":{\"@id\":\"https:\\\/\\\/noel-a-lille.com\\\/village-de-noel-de-lille-2024-les-inscriptions-sont-ouvertes-2\\\/#primaryimage\"},\"thumbnailUrl\":\"https:\\\/\\\/noel-a-lille.com\\\/wp-content\\\/uploads\\\/2025\\\/10\\\/facebook_820x312_RVB-01.jpg\",\"articleSection\":[\"NOEL A LILLE 25\"],\"inLanguage\":\"en-US\"},{\"@type\":\"WebPage\",\"@id\":\"https:\\\/\\\/noel-a-lille.com\\\/village-de-noel-de-lille-2024-les-inscriptions-sont-ouvertes-2\\\/\",\"url\":\"https:\\\/\\\/noel-a-lille.com\\\/village-de-noel-de-lille-2024-les-inscriptions-sont-ouvertes-2\\\/\",\"name\":\"Village de No\u00ebl de Lille 2025 : du 19 novembre au 30 d\u00e9cembre ! - Village de No\u00ebl de Lille\",\"isPartOf\":{\"@id\":\"http:\\\/\\\/noel-a-lille.com\\\/#website\"},\"primaryImageOfPage\":{\"@id\":\"https:\\\/\\\/noel-a-lille.com\\\/village-de-noel-de-lille-2024-les-inscriptions-sont-ouvertes-2\\\/#primaryimage\"},\"image\":{\"@id\":\"https:\\\/\\\/noel-a-lille.com\\\/village-de-noel-de-lille-2024-les-inscriptions-sont-ouvertes-2\\\/#primaryimage\"},\"thumbnailUrl\":\"https:\\\/\\\/noel-a-lille.com\\\/wp-content\\\/uploads\\\/2025\\\/10\\\/facebook_820x312_RVB-01.jpg\",\"datePublished\":\"2025-10-23T10:51:15+00:00\",\"dateModified\":\"2025-12-03T10:56:59+00:00\",\"breadcrumb\":{\"@id\":\"https:\\\/\\\/noel-a-lille.com\\\/village-de-noel-de-lille-2024-les-inscriptions-sont-ouvertes-2\\\/#breadcrumb\"},\"inLanguage\":\"en-US\",\"potentialAction\":[{\"@type\":\"ReadAction\",\"target\":[\"https:\\\/\\\/noel-a-lille.com\\\/village-de-noel-de-lille-2024-les-inscriptions-sont-ouvertes-2\\\/\"]}]},{\"@type\":\"ImageObject\",\"inLanguage\":\"en-US\",\"@id\":\"https:\\\/\\\/noel-a-lille.com\\\/village-de-noel-de-lille-2024-les-inscriptions-sont-ouvertes-2\\\/#primaryimage\",\"url\":\"https:\\\/\\\/noel-a-lille.com\\\/wp-content\\\/uploads\\\/2025\\\/10\\\/facebook_820x312_RVB-01.jpg\",\"contentUrl\":\"https:\\\/\\\/noel-a-lille.com\\\/wp-content\\\/uploads\\\/2025\\\/10\\\/facebook_820x312_RVB-01.jpg\",\"width\":3417,\"height\":1300},{\"@type\":\"BreadcrumbList\",\"@id\":\"https:\\\/\\\/noel-a-lille.com\\\/village-de-noel-de-lille-2024-les-inscriptions-sont-ouvertes-2\\\/#breadcrumb\",\"itemListElement\":[{\"@type\":\"ListItem\",\"position\":1,\"name\":\"Accueil\",\"item\":\"http:\\\/\\\/noel-a-lille.com\\\/\"},{\"@type\":\"ListItem\",\"position\":2,\"name\":\"Village de No\u00ebl de Lille 2025 : du 19 novembre au 30 d\u00e9cembre !\"}]},{\"@type\":\"WebSite\",\"@id\":\"http:\\\/\\\/noel-a-lille.com\\\/#website\",\"url\":\"http:\\\/\\\/noel-a-lille.com\\\/\",\"name\":\"Village de No\u00ebl de Lille\",\"description\":\"La magie de No\u00ebl \u00e0 Lille\",\"publisher\":{\"@id\":\"http:\\\/\\\/noel-a-lille.com\\\/#organization\"},\"potentialAction\":[{\"@type\":\"SearchAction\",\"target\":{\"@type\":\"EntryPoint\",\"urlTemplate\":\"http:\\\/\\\/noel-a-lille.com\\\/?s={search_term_string}\"},\"query-input\":{\"@type\":\"PropertyValueSpecification\",\"valueRequired\":true,\"valueName\":\"search_term_string\"}}],\"inLanguage\":\"en-US\"},{\"@type\":\"Organization\",\"@id\":\"http:\\\/\\\/noel-a-lille.com\\\/#organization\",\"name\":\"Village de No\u00ebl de Lille\",\"url\":\"http:\\\/\\\/noel-a-lille.com\\\/\",\"logo\":{\"@type\":\"ImageObject\",\"inLanguage\":\"en-US\",\"@id\":\"http:\\\/\\\/noel-a-lille.com\\\/#\\\/schema\\\/logo\\\/image\\\/\",\"url\":\"https:\\\/\\\/noel-a-lille.com\\\/wp-content\\\/uploads\\\/2026\\\/07\\\/logo-vdn-couleur-sans-attache.png\",\"contentUrl\":\"https:\\\/\\\/noel-a-lille.com\\\/wp-content\\\/uploads\\\/2026\\\/07\\\/logo-vdn-couleur-sans-attache.png\",\"width\":893,\"height\":822,\"caption\":\"Village de No\u00ebl de Lille\"},\"image\":{\"@id\":\"http:\\\/\\\/noel-a-lille.com\\\/#\\\/schema\\\/logo\\\/image\\\/\"},\"sameAs\":[\"https:\\\/\\\/www.instagram.com\\\/villagedenoeldelille\\\/\"]},{\"@type\":\"Person\",\"@id\":\"http:\\\/\\\/noel-a-lille.com\\\/#\\\/schema\\\/person\\\/aab49807d0c2aba6a2a7749e9ad0b115\",\"name\":\"FLCAS\",\"image\":{\"@type\":\"ImageObject\",\"inLanguage\":\"en-US\",\"@id\":\"https:\\\/\\\/secure.gravatar.com\\\/avatar\\\/bfb9c38db73a92ba9c5398970fc38fd55695f27b6352f85b511a7101d1e76dad?s=96&d=mm&r=g\",\"url\":\"https:\\\/\\\/secure.gravatar.com\\\/avatar\\\/bfb9c38db73a92ba9c5398970fc38fd55695f27b6352f85b511a7101d1e76dad?s=96&d=mm&r=g\",\"contentUrl\":\"https:\\\/\\\/secure.gravatar.com\\\/avatar\\\/bfb9c38db73a92ba9c5398970fc38fd55695f27b6352f85b511a7101d1e76dad?s=96&d=mm&r=g\",\"caption\":\"FLCAS\"},\"url\":\"https:\\\/\\\/noel-a-lille.com\\\/en\\\/author\\\/flcas\\\/\"}]}<\/script>\n<!-- \/ Yoast SEO plugin. -->","yoast_head_json":{"title":"Village de No\u00ebl de Lille 2025 : du 19 novembre au 30 d\u00e9cembre ! - Village de No\u00ebl de Lille","robots":{"index":"index","follow":"follow","max-snippet":"max-snippet:-1","max-image-preview":"max-image-preview:large","max-video-preview":"max-video-preview:-1"},"canonical":"https:\/\/noel-a-lille.com\/en\/village-de-noel-de-lille-2024-les-inscriptions-sont-ouvertes-2\/","og_locale":"en_US","og_type":"article","og_title":"Village de No\u00ebl de Lille 2025 : du 19 novembre au 30 d\u00e9cembre ! - Village de No\u00ebl de Lille","og_description":"Vous \u00eates sur le site officiel du Village de No\u00ebl de Lille. Notre \u00e9v\u00e9nement sera de retour sur la Place Rihour du 20 novembre au 29 d\u00e9cembre 2024. Les candidatures sont closes.","og_url":"https:\/\/noel-a-lille.com\/en\/village-de-noel-de-lille-2024-les-inscriptions-sont-ouvertes-2\/","og_site_name":"Village de No\u00ebl de Lille","article_published_time":"2025-10-23T10:51:15+00:00","article_modified_time":"2025-12-03T10:56:59+00:00","og_image":[{"width":3417,"height":1300,"url":"https:\/\/noel-a-lille.com\/wp-content\/uploads\/2025\/10\/facebook_820x312_RVB-01.jpg","type":"image\/jpeg"}],"author":"FLCAS","twitter_card":"summary_large_image","twitter_misc":{"Written by":"FLCAS","Est. reading time":"4 minutes"},"schema":{"@context":"https:\/\/schema.org","@graph":[{"@type":"Article","@id":"https:\/\/noel-a-lille.com\/village-de-noel-de-lille-2024-les-inscriptions-sont-ouvertes-2\/#article","isPartOf":{"@id":"https:\/\/noel-a-lille.com\/village-de-noel-de-lille-2024-les-inscriptions-sont-ouvertes-2\/"},"author":{"name":"FLCAS","@id":"http:\/\/noel-a-lille.com\/#\/schema\/person\/aab49807d0c2aba6a2a7749e9ad0b115"},"headline":"Village de No\u00ebl de Lille 2025 : du 19 novembre au 30 d\u00e9cembre !","datePublished":"2025-10-23T10:51:15+00:00","dateModified":"2025-12-03T10:56:59+00:00","mainEntityOfPage":{"@id":"https:\/\/noel-a-lille.com\/village-de-noel-de-lille-2024-les-inscriptions-sont-ouvertes-2\/"},"wordCount":830,"publisher":{"@id":"http:\/\/noel-a-lille.com\/#organization"},"image":{"@id":"https:\/\/noel-a-lille.com\/village-de-noel-de-lille-2024-les-inscriptions-sont-ouvertes-2\/#primaryimage"},"thumbnailUrl":"https:\/\/noel-a-lille.com\/wp-content\/uploads\/2025\/10\/facebook_820x312_RVB-01.jpg","articleSection":["NOEL A LILLE 25"],"inLanguage":"en-US"},{"@type":"WebPage","@id":"https:\/\/noel-a-lille.com\/village-de-noel-de-lille-2024-les-inscriptions-sont-ouvertes-2\/","url":"https:\/\/noel-a-lille.com\/village-de-noel-de-lille-2024-les-inscriptions-sont-ouvertes-2\/","name":"Village de No\u00ebl de Lille 2025 : du 19 novembre au 30 d\u00e9cembre ! - Village de No\u00ebl de Lille","isPartOf":{"@id":"http:\/\/noel-a-lille.com\/#website"},"primaryImageOfPage":{"@id":"https:\/\/noel-a-lille.com\/village-de-noel-de-lille-2024-les-inscriptions-sont-ouvertes-2\/#primaryimage"},"image":{"@id":"https:\/\/noel-a-lille.com\/village-de-noel-de-lille-2024-les-inscriptions-sont-ouvertes-2\/#primaryimage"},"thumbnailUrl":"https:\/\/noel-a-lille.com\/wp-content\/uploads\/2025\/10\/facebook_820x312_RVB-01.jpg","datePublished":"2025-10-23T10:51:15+00:00","dateModified":"2025-12-03T10:56:59+00:00","breadcrumb":{"@id":"https:\/\/noel-a-lille.com\/village-de-noel-de-lille-2024-les-inscriptions-sont-ouvertes-2\/#breadcrumb"},"inLanguage":"en-US","potentialAction":[{"@type":"ReadAction","target":["https:\/\/noel-a-lille.com\/village-de-noel-de-lille-2024-les-inscriptions-sont-ouvertes-2\/"]}]},{"@type":"ImageObject","inLanguage":"en-US","@id":"https:\/\/noel-a-lille.com\/village-de-noel-de-lille-2024-les-inscriptions-sont-ouvertes-2\/#primaryimage","url":"https:\/\/noel-a-lille.com\/wp-content\/uploads\/2025\/10\/facebook_820x312_RVB-01.jpg","contentUrl":"https:\/\/noel-a-lille.com\/wp-content\/uploads\/2025\/10\/facebook_820x312_RVB-01.jpg","width":3417,"height":1300},{"@type":"BreadcrumbList","@id":"https:\/\/noel-a-lille.com\/village-de-noel-de-lille-2024-les-inscriptions-sont-ouvertes-2\/#breadcrumb","itemListElement":[{"@type":"ListItem","position":1,"name":"Accueil","item":"http:\/\/noel-a-lille.com\/"},{"@type":"ListItem","position":2,"name":"Village de No\u00ebl de Lille 2025 : du 19 novembre au 30 d\u00e9cembre !"}]},{"@type":"WebSite","@id":"http:\/\/noel-a-lille.com\/#website","url":"http:\/\/noel-a-lille.com\/","name":"Lille Christmas Market","description":"The magic of Christmas in Lille","publisher":{"@id":"http:\/\/noel-a-lille.com\/#organization"},"potentialAction":[{"@type":"SearchAction","target":{"@type":"EntryPoint","urlTemplate":"http:\/\/noel-a-lille.com\/?s={search_term_string}"},"query-input":{"@type":"PropertyValueSpecification","valueRequired":true,"valueName":"search_term_string"}}],"inLanguage":"en-US"},{"@type":"Organization","@id":"http:\/\/noel-a-lille.com\/#organization","name":"Lille Christmas Market","url":"http:\/\/noel-a-lille.com\/","logo":{"@type":"ImageObject","inLanguage":"en-US","@id":"http:\/\/noel-a-lille.com\/#\/schema\/logo\/image\/","url":"https:\/\/noel-a-lille.com\/wp-content\/uploads\/2026\/07\/logo-vdn-couleur-sans-attache.png","contentUrl":"https:\/\/noel-a-lille.com\/wp-content\/uploads\/2026\/07\/logo-vdn-couleur-sans-attache.png","width":893,"height":822,"caption":"Village de No\u00ebl de Lille"},"image":{"@id":"http:\/\/noel-a-lille.com\/#\/schema\/logo\/image\/"},"sameAs":["https:\/\/www.instagram.com\/villagedenoeldelille\/"]},{"@type":"Person","@id":"http:\/\/noel-a-lille.com\/#\/schema\/person\/aab49807d0c2aba6a2a7749e9ad0b115","name":"FLCAS","image":{"@type":"ImageObject","inLanguage":"en-US","@id":"https:\/\/secure.gravatar.com\/avatar\/bfb9c38db73a92ba9c5398970fc38fd55695f27b6352f85b511a7101d1e76dad?s=96&d=mm&r=g","url":"https:\/\/secure.gravatar.com\/avatar\/bfb9c38db73a92ba9c5398970fc38fd55695f27b6352f85b511a7101d1e76dad?s=96&d=mm&r=g","contentUrl":"https:\/\/secure.gravatar.com\/avatar\/bfb9c38db73a92ba9c5398970fc38fd55695f27b6352f85b511a7101d1e76dad?s=96&d=mm&r=g","caption":"FLCAS"},"url":"https:\/\/noel-a-lille.com\/en\/author\/flcas\/"}]}},"_links":{"self":[{"href":"https:\/\/noel-a-lille.com\/en\/wp-json\/wp\/v2\/posts\/2733","targetHints":{"allow":["GET"]}}],"collection":[{"href":"https:\/\/noel-a-lille.com\/en\/wp-json\/wp\/v2\/posts"}],"about":[{"href":"https:\/\/noel-a-lille.com\/en\/wp-json\/wp\/v2\/types\/post"}],"author":[{"embeddable":true,"href":"https:\/\/noel-a-lille.com\/en\/wp-json\/wp\/v2\/users\/1"}],"replies":[{"embeddable":true,"href":"https:\/\/noel-a-lille.com\/en\/wp-json\/wp\/v2\/comments?post=2733"}],"version-history":[{"count":8,"href":"https:\/\/noel-a-lille.com\/en\/wp-json\/wp\/v2\/posts\/2733\/revisions"}],"predecessor-version":[{"id":2767,"href":"https:\/\/noel-a-lille.com\/en\/wp-json\/wp\/v2\/posts\/2733\/revisions\/2767"}],"wp:featuredmedia":[{"embeddable":true,"href":"https:\/\/noel-a-lille.com\/en\/wp-json\/wp\/v2\/media\/2738"}],"wp:attachment":[{"href":"https:\/\/noel-a-lille.com\/en\/wp-json\/wp\/v2\/media?parent=2733"}],"wp:term":[{"taxonomy":"category","embeddable":true,"href":"https:\/\/noel-a-lille.com\/en\/wp-json\/wp\/v2\/categories?post=2733"},{"taxonomy":"post_tag","embeddable":true,"href":"https:\/\/noel-a-lille.com\/en\/wp-json\/wp\/v2\/tags?post=2733"}],"curies":[{"name":"Well played","href":"https:\/\/api.w.org\/{rel}","templated":true}]}}