{"id":2716,"date":"2025-02-05T11:19:47","date_gmt":"2025-02-05T10:19:47","guid":{"rendered":"http:\/\/noel-a-lille.com\/?p=2716"},"modified":"2025-11-12T18:24:22","modified_gmt":"2025-11-12T17:24:22","slug":"village-de-noel-de-lille-2025-les-inscriptions-sont-ouvertes","status":"publish","type":"post","link":"https:\/\/noel-a-lille.com\/en\/village-de-noel-de-lille-2025-les-inscriptions-sont-ouvertes\/","title":{"rendered":"Lille Christmas Village 2025: applications are now open!"},"content":{"rendered":"<div style=\"height:55px\" aria-hidden=\"true\" class=\"wp-block-spacer\"><\/div>\n\n\n\n<p class=\"has-normal-font-size wp-block-paragraph\"><strong>Le Village de No\u00ebl de Lille sera de retour pour une nouvelle \u00e9dition en 2025.  Nos chalets en bois reviendront sur la Place Rihour et accueilleront commer\u00e7ants, artisans et producteurs souhaitant vous faire&nbsp;d\u00e9couvrir&nbsp;leur&nbsp;savoir-faire et leurs sp\u00e9cialit\u00e9s.  <\/strong><\/p>\n\n\n\n<div style=\"height:30px\" aria-hidden=\"true\" class=\"wp-block-spacer\"><\/div>\n\n\n\n<p class=\"wp-block-paragraph\"><strong>Lille Federation of Commerce<\/strong>, organizer of the Lille Christmas market for over 30 years, is looking for <strong>new merchants and artisans from the Hauts-de-France region and all over France<\/strong> proposer <strong>original, quality products accessible to everyone. <\/strong><\/p>\n\n\n\n<p class=\"wp-block-paragraph\"><\/p>\n\n\n\n<p class=\"wp-block-paragraph\"> In total<strong>, there are 90 chalets that will be set up on Place Rihour&nbsp;<\/strong>and which will be run by shopkeepers, artisans and producers&nbsp;<strong>for 6 weeks.&nbsp;<\/strong><\/p>\n\n\n\n<p class=\"wp-block-paragraph\">Each year,&nbsp;<strong>it is more than one million visitors,<\/strong>&nbsp;coming from neighboring countries, who wander through our aisles to spend a comforting moment there&nbsp;<strong>with family or friends<\/strong>&nbsp;and do their shopping there.&nbsp;<\/p>\n\n\n\n<p class=\"wp-block-paragraph\">The Lille Christmas Market&nbsp;<strong>is open to everyone.<\/strong>&nbsp;Enjoy a timeless moment alongside our exhibitors. You can also enjoy musical and light entertainment for a truly wondrous experience.<\/p>\n\n\n\n<div style=\"height:55px\" aria-hidden=\"true\" class=\"wp-block-spacer\"><\/div>\n\n\n\n<p class=\"wp-block-paragraph\"><\/p>\n\n\n\n<p class=\"wp-block-paragraph\"><em>The Lille Christmas market will be back in 2025. 90 cabins will be installed on Place Rihour and will be run by traders, artisans and producers for 6 weeks. Every year, more than a million visitors from neighboring countries wander through our aisles to come and spend a comforting moment with family or friends and do their shopping. The Christmas market is open to everyone, for all ages and from all backgrounds. Spend a timeless moment alongside our exhibitors. Also enjoy musical and light entertainment for a time of wonder.<\/em><\/p>\n\n\n\n<div style=\"height:102px\" aria-hidden=\"true\" class=\"wp-block-spacer\"><\/div>\n\n\n\n<div style=\"height:71px\" aria-hidden=\"true\" class=\"wp-block-spacer\"><\/div>\n\n\n\n<figure class=\"wp-block-image\"><img loading=\"lazy\" decoding=\"async\" width=\"1024\" height=\"424\" src=\"http:\/\/noel-a-lille.com\/wp-content\/uploads\/2024\/01\/March\u00e9-de-No\u00ebl-Lille-5-1024x424.jpg\" alt=\"marche de noel lille\" class=\"wp-image-2429\" srcset=\"https:\/\/noel-a-lille.com\/wp-content\/uploads\/2024\/01\/March\u00e9-de-No\u00ebl-Lille-5-1024x424.jpg 1024w, https:\/\/noel-a-lille.com\/wp-content\/uploads\/2024\/01\/March\u00e9-de-No\u00ebl-Lille-5-300x124.jpg 300w, https:\/\/noel-a-lille.com\/wp-content\/uploads\/2024\/01\/March\u00e9-de-No\u00ebl-Lille-5-768x318.jpg 768w, https:\/\/noel-a-lille.com\/wp-content\/uploads\/2024\/01\/March\u00e9-de-No\u00ebl-Lille-5-1140x471.jpg 1140w\" sizes=\"(max-width: 1024px) 100vw, 1024px\" \/><\/figure>\n\n\n\n<div class=\"wp-block-columns has-2-columns is-layout-flex wp-container-core-columns-is-layout-8f761849 wp-block-columns-is-layout-flex\">\n<div class=\"wp-block-column is-layout-flow wp-block-column-is-layout-flow\"><\/div>\n\n\n\n<div class=\"wp-block-column is-layout-flow wp-block-column-is-layout-flow\"><\/div>\n<\/div>\n\n\n\n<div style=\"height:89px\" aria-hidden=\"true\" class=\"wp-block-spacer\"><\/div>\n\n\n\n<h3 class=\"wp-block-heading\">Practical information<\/h3>\n\n\n\n<div style=\"height:41px\" aria-hidden=\"true\" class=\"wp-block-spacer\"><\/div>\n\n\n\n<p class=\"wp-block-paragraph\"><strong>Location:<\/strong> Rihour Square \u2013 59000 Lille <\/p>\n\n\n\n<div style=\"height:20px\" aria-hidden=\"true\" class=\"wp-block-spacer\"><\/div>\n\n\n\n<p class=\"wp-block-paragraph\"><strong>Dates <\/strong>: du 20 novembre au 29 d\u00e9cembre 2025 (<em>Provisional dates, subject to change<\/em><\/p>\n\n\n\n<div style=\"height:20px\" aria-hidden=\"true\" class=\"wp-block-spacer\"><\/div>\n\n\n\n<p class=\"wp-block-paragraph\"><strong>Hours: <\/strong><\/p>\n\n\n\n<p class=\"wp-block-paragraph\">From Monday to Thursday and Sunday: from 11:00 AM to 8:30 PM<\/p>\n\n\n\n<p class=\"wp-block-paragraph\">Friday \u2013 Saturday: 11:00 AM \u2013 10:00 PM <\/p>\n\n\n\n<p class=\"wp-block-paragraph\">Fermeture \u00e0 18h00 les 24 et 29 d\u00e9cembre 2024 (sous r\u00e9serve de modification). Ferm\u00e9 le 25 d\u00e9cembre. <\/p>\n\n\n\n<p class=\"wp-block-paragraph\"><strong>Access:&nbsp;<\/strong><\/p>\n\n\n\n<ul class=\"wp-block-list\"><li>Subway: \u00abRihour\u00bb station \u2013 plan your journey on&nbsp;<a href=\"https:\/\/www.ilevia.fr\">ILEVIA<\/a><\/li><li>Car: park your car in one of the parking lots&nbsp;<a href=\"https:\/\/www.indigoneo.fr\/fr\/events\/553\">INDIGO<\/a><\/li><li>Train: stop \u00abGare Lille Flandres\u00bb or \u00abLille Europe\u00bb<\/li><li>Plane: shuttles to the city center from the\u2019<a href=\"https:\/\/www.lille.aeroport.fr\">Lille-Lesquin Airport<\/a><\/li><\/ul>\n\n\n\n<div class=\"wp-block-columns has-2-columns is-layout-flex wp-container-core-columns-is-layout-8f761849 wp-block-columns-is-layout-flex\">\n<div class=\"wp-block-column is-layout-flow wp-block-column-is-layout-flow\"><\/div>\n\n\n\n<div class=\"wp-block-column is-layout-flow wp-block-column-is-layout-flow\">\n<p class=\"wp-block-paragraph\"><\/p>\n<\/div>\n<\/div>\n\n\n\n<div class=\"wp-block-columns has-2-columns is-layout-flex wp-container-core-columns-is-layout-8f761849 wp-block-columns-is-layout-flex\">\n<div class=\"wp-block-column is-layout-flow wp-block-column-is-layout-flow\">\n<div class=\"wp-block-columns has-2-columns is-layout-flex wp-container-core-columns-is-layout-8f761849 wp-block-columns-is-layout-flex\">\n<div class=\"wp-block-column is-layout-flow wp-block-column-is-layout-flow\">\n<figure class=\"wp-block-image\"><img loading=\"lazy\" decoding=\"async\" width=\"681\" height=\"1024\" src=\"http:\/\/noel-a-lille.com\/wp-content\/uploads\/2024\/01\/DSC00823-4-681x1024.jpeg\" alt=\"noel a lille\" class=\"wp-image-2607\" srcset=\"https:\/\/noel-a-lille.com\/wp-content\/uploads\/2024\/01\/DSC00823-4-681x1024.jpeg 681w, https:\/\/noel-a-lille.com\/wp-content\/uploads\/2024\/01\/DSC00823-4-200x300.jpeg 200w, https:\/\/noel-a-lille.com\/wp-content\/uploads\/2024\/01\/DSC00823-4-768x1155.jpeg 768w, https:\/\/noel-a-lille.com\/wp-content\/uploads\/2024\/01\/DSC00823-4.jpeg 1078w\" sizes=\"(max-width: 681px) 100vw, 681px\" \/><\/figure>\n<\/div>\n\n\n\n<div class=\"wp-block-column is-layout-flow wp-block-column-is-layout-flow\">\n<figure class=\"wp-block-image\"><img loading=\"lazy\" decoding=\"async\" width=\"683\" height=\"1024\" src=\"http:\/\/noel-a-lille.com\/wp-content\/uploads\/2024\/01\/image00004-1-683x1024.jpeg\" alt=\"\" class=\"wp-image-2582\" srcset=\"https:\/\/noel-a-lille.com\/wp-content\/uploads\/2024\/01\/image00004-1-683x1024.jpeg 683w, https:\/\/noel-a-lille.com\/wp-content\/uploads\/2024\/01\/image00004-1-200x300.jpeg 200w, https:\/\/noel-a-lille.com\/wp-content\/uploads\/2024\/01\/image00004-1-768x1152.jpeg 768w, https:\/\/noel-a-lille.com\/wp-content\/uploads\/2024\/01\/image00004-1-1140x1710.jpeg 1140w, https:\/\/noel-a-lille.com\/wp-content\/uploads\/2024\/01\/image00004-1.jpeg 1365w\" sizes=\"(max-width: 683px) 100vw, 683px\" \/><\/figure>\n\n\n\n<p class=\"wp-block-paragraph\"><\/p>\n<\/div>\n<\/div>\n\n\n\n<p class=\"wp-block-paragraph\"><\/p>\n<\/div>\n\n\n\n<div class=\"wp-block-column is-layout-flow wp-block-column-is-layout-flow\">\n<div class=\"wp-block-columns has-2-columns is-layout-flex wp-container-core-columns-is-layout-8f761849 wp-block-columns-is-layout-flex\">\n<div class=\"wp-block-column is-layout-flow wp-block-column-is-layout-flow\">\n<figure class=\"wp-block-image\"><img loading=\"lazy\" decoding=\"async\" width=\"679\" height=\"1024\" src=\"http:\/\/noel-a-lille.com\/wp-content\/uploads\/2024\/01\/DSC00826-2-679x1024.jpeg\" alt=\"\" class=\"wp-image-2593\" srcset=\"https:\/\/noel-a-lille.com\/wp-content\/uploads\/2024\/01\/DSC00826-2-679x1024.jpeg 679w, https:\/\/noel-a-lille.com\/wp-content\/uploads\/2024\/01\/DSC00826-2-199x300.jpeg 199w, https:\/\/noel-a-lille.com\/wp-content\/uploads\/2024\/01\/DSC00826-2-768x1158.jpeg 768w, https:\/\/noel-a-lille.com\/wp-content\/uploads\/2024\/01\/DSC00826-2.jpeg 1138w\" sizes=\"(max-width: 679px) 100vw, 679px\" \/><\/figure>\n<\/div>\n\n\n\n<div class=\"wp-block-column is-layout-flow wp-block-column-is-layout-flow\">\n<figure class=\"wp-block-image\"><img loading=\"lazy\" decoding=\"async\" width=\"683\" height=\"1024\" src=\"http:\/\/noel-a-lille.com\/wp-content\/uploads\/2024\/01\/DSC4808-1-683x1024.jpeg\" alt=\"\" class=\"wp-image-2581\" srcset=\"https:\/\/noel-a-lille.com\/wp-content\/uploads\/2024\/01\/DSC4808-1-683x1024.jpeg 683w, https:\/\/noel-a-lille.com\/wp-content\/uploads\/2024\/01\/DSC4808-1-200x300.jpeg 200w, https:\/\/noel-a-lille.com\/wp-content\/uploads\/2024\/01\/DSC4808-1-768x1152.jpeg 768w, https:\/\/noel-a-lille.com\/wp-content\/uploads\/2024\/01\/DSC4808-1-1140x1710.jpeg 1140w, https:\/\/noel-a-lille.com\/wp-content\/uploads\/2024\/01\/DSC4808-1.jpeg 1365w\" sizes=\"(max-width: 683px) 100vw, 683px\" \/><\/figure>\n<\/div>\n<\/div>\n\n\n\n<p class=\"wp-block-paragraph\"><\/p>\n<\/div>\n<\/div>\n\n\n\n<p class=\"wp-block-paragraph\"><\/p>\n\n\n\n<h3 class=\"wp-block-heading\">Register for the Lille Christmas Market<\/h3>\n\n\n\n<div style=\"height:63px\" aria-hidden=\"true\" class=\"wp-block-spacer\"><\/div>\n\n\n\n<p class=\"wp-block-paragraph\"><strong>Every year, the Lille Trade Federation strives to bring novelty and highlight local and regional craftsmanship. <\/strong>Therefore, a call is made to all artisans and merchants in our region and in France who wish to make their activity known to a wide audience over a period of six weeks.<\/p>\n\n\n\n<div style=\"height:32px\" aria-hidden=\"true\" class=\"wp-block-spacer\"><\/div>\n\n\n\n<p class=\"wp-block-paragraph\"><strong>The application file is available for download. <a href=\"http:\/\/noel-a-lille.com\/wp-content\/uploads\/2025\/02\/Dossier-de-candidature_VDN2025.pdf\">clicking here<\/a>.<\/strong> Si vous \u00eates commer\u00e7ant, artisan ou producteur et que vous vous reconnaissez dans l&rsquo;ADN du Village de No\u00ebl de Lille, envoyez votre candidature !&nbsp;Pour postuler : <\/p>\n\n\n\n<ul class=\"wp-block-list\"><li>Download the application form <a href=\"http:\/\/noel-a-lille.com\/wp-content\/uploads\/2025\/02\/Dossier-de-candidature_VDN2025.pdf\">BY CLICKING HERE<\/a><\/li><li>Fill out the file with as much information as possible about your products (details of the offer, prices, product origin, and place of manufacture).<\/li><li>Add photos of your products and previous retail spaces to it.<\/li><li>Send your complete application by mail or email (contact details mentioned on the application)<\/li><\/ul>\n\n\n\n<div style=\"height:40px\" aria-hidden=\"true\" class=\"wp-block-spacer\"><\/div>\n\n\n\n<p class=\"wp-block-paragraph\">The applications are then reviewed by a selection committee. The results are communicated in May\/June. Any incomplete file will not be processed. <\/p>\n\n\n\n<div style=\"height:99px\" aria-hidden=\"true\" class=\"wp-block-spacer\"><\/div>\n\n\n\n<h4 class=\"wp-block-heading\" style=\"text-align:center\">LES\u00a0CANDIDATURES\u00a0SONT\u00a0FERM\u00c9S POUR 2025. <\/h4>\n\n\n\n<p style=\"text-align:center\" class=\"has-small-font-size wp-block-paragraph\">You are on the official website of the Lille Christmas Village. You can only apply by completing our application form, which will be reviewed during the selection committees organized by the Lille Federation of Commerce. No other organization can get you a spot! <\/p>\n\n\n\n<div style=\"height:56px\" aria-hidden=\"true\" class=\"wp-block-spacer\"><\/div>","protected":false},"excerpt":{"rendered":"<p>You are on the official website of the Lille Christmas Market. Our event will return to Place Rihour from November 20 to December 29, 2024. Applications are closed. <\/p>","protected":false},"author":1,"featured_media":2722,"comment_status":"closed","ping_status":"closed","sticky":false,"template":"","format":"standard","meta":{"saved_in_kubio":false,"footnotes":""},"categories":[1],"tags":[],"class_list":["post-2716","post","type-post","status-publish","format-standard","has-post-thumbnail","hentry","category-caroussel-une"],"yoast_head":"<!-- This site is optimized with the Yoast SEO plugin v28.4 - https:\/\/yoast.com\/product\/yoast-seo-wordpress\/ -->\n<title>Village de No\u00ebl de Lille 2025 : les candidatures sont ouvertes ! - Village de No\u00ebl de Lille<\/title>\n<meta name=\"robots\" content=\"index, follow, max-snippet:-1, max-image-preview:large, max-video-preview:-1\" \/>\n<link rel=\"canonical\" href=\"https:\/\/noel-a-lille.com\/en\/village-de-noel-de-lille-2025-les-inscriptions-sont-ouvertes\/\" \/>\n<meta property=\"og:locale\" content=\"en_US\" \/>\n<meta property=\"og:type\" content=\"article\" \/>\n<meta property=\"og:title\" content=\"Village de No\u00ebl de Lille 2025 : les candidatures sont ouvertes ! - Village de No\u00ebl de Lille\" \/>\n<meta property=\"og:description\" content=\"Vous \u00eates sur le site officiel du Village de No\u00ebl de Lille. Notre \u00e9v\u00e9nement sera de retour sur la Place Rihour du 20 novembre au 29 d\u00e9cembre 2024. Les candidatures sont closes.\" \/>\n<meta property=\"og:url\" content=\"https:\/\/noel-a-lille.com\/en\/village-de-noel-de-lille-2025-les-inscriptions-sont-ouvertes\/\" \/>\n<meta property=\"og:site_name\" content=\"Village de No\u00ebl de Lille\" \/>\n<meta property=\"article:published_time\" content=\"2025-02-05T10:19:47+00:00\" \/>\n<meta property=\"article:modified_time\" content=\"2025-11-12T17:24:22+00:00\" \/>\n<meta property=\"og:image\" content=\"https:\/\/noel-a-lille.com\/wp-content\/uploads\/2025\/02\/DSC00791.jpg\" \/>\n\t<meta property=\"og:image:width\" content=\"2048\" \/>\n\t<meta property=\"og:image:height\" content=\"1368\" \/>\n\t<meta property=\"og:image:type\" content=\"image\/jpeg\" \/>\n<meta name=\"author\" content=\"FLCAS\" \/>\n<meta name=\"twitter:card\" content=\"summary_large_image\" \/>\n<meta name=\"twitter:label1\" content=\"Written by\" \/>\n\t<meta name=\"twitter:data1\" content=\"FLCAS\" \/>\n\t<meta name=\"twitter:label2\" content=\"Est. reading time\" \/>\n\t<meta name=\"twitter:data2\" content=\"3 minutes\" \/>\n<script type=\"application\/ld+json\" class=\"yoast-schema-graph\">{\"@context\":\"https:\\\/\\\/schema.org\",\"@graph\":[{\"@type\":\"Article\",\"@id\":\"https:\\\/\\\/noel-a-lille.com\\\/village-de-noel-de-lille-2025-les-inscriptions-sont-ouvertes\\\/#article\",\"isPartOf\":{\"@id\":\"https:\\\/\\\/noel-a-lille.com\\\/village-de-noel-de-lille-2025-les-inscriptions-sont-ouvertes\\\/\"},\"author\":{\"name\":\"FLCAS\",\"@id\":\"http:\\\/\\\/noel-a-lille.com\\\/#\\\/schema\\\/person\\\/aab49807d0c2aba6a2a7749e9ad0b115\"},\"headline\":\"Village de No\u00ebl de Lille 2025 : les candidatures sont ouvertes !\",\"datePublished\":\"2025-02-05T10:19:47+00:00\",\"dateModified\":\"2025-11-12T17:24:22+00:00\",\"mainEntityOfPage\":{\"@id\":\"https:\\\/\\\/noel-a-lille.com\\\/village-de-noel-de-lille-2025-les-inscriptions-sont-ouvertes\\\/\"},\"wordCount\":673,\"publisher\":{\"@id\":\"http:\\\/\\\/noel-a-lille.com\\\/#organization\"},\"image\":{\"@id\":\"https:\\\/\\\/noel-a-lille.com\\\/village-de-noel-de-lille-2025-les-inscriptions-sont-ouvertes\\\/#primaryimage\"},\"thumbnailUrl\":\"https:\\\/\\\/noel-a-lille.com\\\/wp-content\\\/uploads\\\/2025\\\/02\\\/DSC00791.jpg\",\"articleSection\":[\"NO\u00cbL \u00c0 LILLE\"],\"inLanguage\":\"en-US\"},{\"@type\":\"WebPage\",\"@id\":\"https:\\\/\\\/noel-a-lille.com\\\/village-de-noel-de-lille-2025-les-inscriptions-sont-ouvertes\\\/\",\"url\":\"https:\\\/\\\/noel-a-lille.com\\\/village-de-noel-de-lille-2025-les-inscriptions-sont-ouvertes\\\/\",\"name\":\"Village de No\u00ebl de Lille 2025 : les candidatures sont ouvertes ! - Village de No\u00ebl de Lille\",\"isPartOf\":{\"@id\":\"http:\\\/\\\/noel-a-lille.com\\\/#website\"},\"primaryImageOfPage\":{\"@id\":\"https:\\\/\\\/noel-a-lille.com\\\/village-de-noel-de-lille-2025-les-inscriptions-sont-ouvertes\\\/#primaryimage\"},\"image\":{\"@id\":\"https:\\\/\\\/noel-a-lille.com\\\/village-de-noel-de-lille-2025-les-inscriptions-sont-ouvertes\\\/#primaryimage\"},\"thumbnailUrl\":\"https:\\\/\\\/noel-a-lille.com\\\/wp-content\\\/uploads\\\/2025\\\/02\\\/DSC00791.jpg\",\"datePublished\":\"2025-02-05T10:19:47+00:00\",\"dateModified\":\"2025-11-12T17:24:22+00:00\",\"breadcrumb\":{\"@id\":\"https:\\\/\\\/noel-a-lille.com\\\/village-de-noel-de-lille-2025-les-inscriptions-sont-ouvertes\\\/#breadcrumb\"},\"inLanguage\":\"en-US\",\"potentialAction\":[{\"@type\":\"ReadAction\",\"target\":[\"https:\\\/\\\/noel-a-lille.com\\\/village-de-noel-de-lille-2025-les-inscriptions-sont-ouvertes\\\/\"]}]},{\"@type\":\"ImageObject\",\"inLanguage\":\"en-US\",\"@id\":\"https:\\\/\\\/noel-a-lille.com\\\/village-de-noel-de-lille-2025-les-inscriptions-sont-ouvertes\\\/#primaryimage\",\"url\":\"https:\\\/\\\/noel-a-lille.com\\\/wp-content\\\/uploads\\\/2025\\\/02\\\/DSC00791.jpg\",\"contentUrl\":\"https:\\\/\\\/noel-a-lille.com\\\/wp-content\\\/uploads\\\/2025\\\/02\\\/DSC00791.jpg\",\"width\":2048,\"height\":1368},{\"@type\":\"BreadcrumbList\",\"@id\":\"https:\\\/\\\/noel-a-lille.com\\\/village-de-noel-de-lille-2025-les-inscriptions-sont-ouvertes\\\/#breadcrumb\",\"itemListElement\":[{\"@type\":\"ListItem\",\"position\":1,\"name\":\"Accueil\",\"item\":\"http:\\\/\\\/noel-a-lille.com\\\/\"},{\"@type\":\"ListItem\",\"position\":2,\"name\":\"Village de No\u00ebl de Lille 2025 : les candidatures sont ouvertes !\"}]},{\"@type\":\"WebSite\",\"@id\":\"http:\\\/\\\/noel-a-lille.com\\\/#website\",\"url\":\"http:\\\/\\\/noel-a-lille.com\\\/\",\"name\":\"Village de No\u00ebl de Lille\",\"description\":\"La magie de No\u00ebl \u00e0 Lille\",\"publisher\":{\"@id\":\"http:\\\/\\\/noel-a-lille.com\\\/#organization\"},\"potentialAction\":[{\"@type\":\"SearchAction\",\"target\":{\"@type\":\"EntryPoint\",\"urlTemplate\":\"http:\\\/\\\/noel-a-lille.com\\\/?s={search_term_string}\"},\"query-input\":{\"@type\":\"PropertyValueSpecification\",\"valueRequired\":true,\"valueName\":\"search_term_string\"}}],\"inLanguage\":\"en-US\"},{\"@type\":\"Organization\",\"@id\":\"http:\\\/\\\/noel-a-lille.com\\\/#organization\",\"name\":\"Village de No\u00ebl de Lille\",\"url\":\"http:\\\/\\\/noel-a-lille.com\\\/\",\"logo\":{\"@type\":\"ImageObject\",\"inLanguage\":\"en-US\",\"@id\":\"http:\\\/\\\/noel-a-lille.com\\\/#\\\/schema\\\/logo\\\/image\\\/\",\"url\":\"https:\\\/\\\/noel-a-lille.com\\\/wp-content\\\/uploads\\\/2026\\\/07\\\/logo-vdn-couleur-sans-attache.png\",\"contentUrl\":\"https:\\\/\\\/noel-a-lille.com\\\/wp-content\\\/uploads\\\/2026\\\/07\\\/logo-vdn-couleur-sans-attache.png\",\"width\":893,\"height\":822,\"caption\":\"Village de No\u00ebl de Lille\"},\"image\":{\"@id\":\"http:\\\/\\\/noel-a-lille.com\\\/#\\\/schema\\\/logo\\\/image\\\/\"},\"sameAs\":[\"https:\\\/\\\/www.instagram.com\\\/villagedenoeldelille\\\/\"]},{\"@type\":\"Person\",\"@id\":\"http:\\\/\\\/noel-a-lille.com\\\/#\\\/schema\\\/person\\\/aab49807d0c2aba6a2a7749e9ad0b115\",\"name\":\"FLCAS\",\"image\":{\"@type\":\"ImageObject\",\"inLanguage\":\"en-US\",\"@id\":\"https:\\\/\\\/secure.gravatar.com\\\/avatar\\\/bfb9c38db73a92ba9c5398970fc38fd55695f27b6352f85b511a7101d1e76dad?s=96&d=mm&r=g\",\"url\":\"https:\\\/\\\/secure.gravatar.com\\\/avatar\\\/bfb9c38db73a92ba9c5398970fc38fd55695f27b6352f85b511a7101d1e76dad?s=96&d=mm&r=g\",\"contentUrl\":\"https:\\\/\\\/secure.gravatar.com\\\/avatar\\\/bfb9c38db73a92ba9c5398970fc38fd55695f27b6352f85b511a7101d1e76dad?s=96&d=mm&r=g\",\"caption\":\"FLCAS\"},\"url\":\"https:\\\/\\\/noel-a-lille.com\\\/en\\\/author\\\/flcas\\\/\"}]}<\/script>\n<!-- \/ Yoast SEO plugin. -->","yoast_head_json":{"title":"Village de No\u00ebl de Lille 2025 : les candidatures sont ouvertes ! - Village de No\u00ebl de Lille","robots":{"index":"index","follow":"follow","max-snippet":"max-snippet:-1","max-image-preview":"max-image-preview:large","max-video-preview":"max-video-preview:-1"},"canonical":"https:\/\/noel-a-lille.com\/en\/village-de-noel-de-lille-2025-les-inscriptions-sont-ouvertes\/","og_locale":"en_US","og_type":"article","og_title":"Village de No\u00ebl de Lille 2025 : les candidatures sont ouvertes ! - Village de No\u00ebl de Lille","og_description":"Vous \u00eates sur le site officiel du Village de No\u00ebl de Lille. Notre \u00e9v\u00e9nement sera de retour sur la Place Rihour du 20 novembre au 29 d\u00e9cembre 2024. Les candidatures sont closes.","og_url":"https:\/\/noel-a-lille.com\/en\/village-de-noel-de-lille-2025-les-inscriptions-sont-ouvertes\/","og_site_name":"Village de No\u00ebl de Lille","article_published_time":"2025-02-05T10:19:47+00:00","article_modified_time":"2025-11-12T17:24:22+00:00","og_image":[{"width":2048,"height":1368,"url":"https:\/\/noel-a-lille.com\/wp-content\/uploads\/2025\/02\/DSC00791.jpg","type":"image\/jpeg"}],"author":"FLCAS","twitter_card":"summary_large_image","twitter_misc":{"Written by":"FLCAS","Est. reading time":"3 minutes"},"schema":{"@context":"https:\/\/schema.org","@graph":[{"@type":"Article","@id":"https:\/\/noel-a-lille.com\/village-de-noel-de-lille-2025-les-inscriptions-sont-ouvertes\/#article","isPartOf":{"@id":"https:\/\/noel-a-lille.com\/village-de-noel-de-lille-2025-les-inscriptions-sont-ouvertes\/"},"author":{"name":"FLCAS","@id":"http:\/\/noel-a-lille.com\/#\/schema\/person\/aab49807d0c2aba6a2a7749e9ad0b115"},"headline":"Village de No\u00ebl de Lille 2025 : les candidatures sont ouvertes !","datePublished":"2025-02-05T10:19:47+00:00","dateModified":"2025-11-12T17:24:22+00:00","mainEntityOfPage":{"@id":"https:\/\/noel-a-lille.com\/village-de-noel-de-lille-2025-les-inscriptions-sont-ouvertes\/"},"wordCount":673,"publisher":{"@id":"http:\/\/noel-a-lille.com\/#organization"},"image":{"@id":"https:\/\/noel-a-lille.com\/village-de-noel-de-lille-2025-les-inscriptions-sont-ouvertes\/#primaryimage"},"thumbnailUrl":"https:\/\/noel-a-lille.com\/wp-content\/uploads\/2025\/02\/DSC00791.jpg","articleSection":["NO\u00cbL \u00c0 LILLE"],"inLanguage":"en-US"},{"@type":"WebPage","@id":"https:\/\/noel-a-lille.com\/village-de-noel-de-lille-2025-les-inscriptions-sont-ouvertes\/","url":"https:\/\/noel-a-lille.com\/village-de-noel-de-lille-2025-les-inscriptions-sont-ouvertes\/","name":"Village de No\u00ebl de Lille 2025 : les candidatures sont ouvertes ! - Village de No\u00ebl de Lille","isPartOf":{"@id":"http:\/\/noel-a-lille.com\/#website"},"primaryImageOfPage":{"@id":"https:\/\/noel-a-lille.com\/village-de-noel-de-lille-2025-les-inscriptions-sont-ouvertes\/#primaryimage"},"image":{"@id":"https:\/\/noel-a-lille.com\/village-de-noel-de-lille-2025-les-inscriptions-sont-ouvertes\/#primaryimage"},"thumbnailUrl":"https:\/\/noel-a-lille.com\/wp-content\/uploads\/2025\/02\/DSC00791.jpg","datePublished":"2025-02-05T10:19:47+00:00","dateModified":"2025-11-12T17:24:22+00:00","breadcrumb":{"@id":"https:\/\/noel-a-lille.com\/village-de-noel-de-lille-2025-les-inscriptions-sont-ouvertes\/#breadcrumb"},"inLanguage":"en-US","potentialAction":[{"@type":"ReadAction","target":["https:\/\/noel-a-lille.com\/village-de-noel-de-lille-2025-les-inscriptions-sont-ouvertes\/"]}]},{"@type":"ImageObject","inLanguage":"en-US","@id":"https:\/\/noel-a-lille.com\/village-de-noel-de-lille-2025-les-inscriptions-sont-ouvertes\/#primaryimage","url":"https:\/\/noel-a-lille.com\/wp-content\/uploads\/2025\/02\/DSC00791.jpg","contentUrl":"https:\/\/noel-a-lille.com\/wp-content\/uploads\/2025\/02\/DSC00791.jpg","width":2048,"height":1368},{"@type":"BreadcrumbList","@id":"https:\/\/noel-a-lille.com\/village-de-noel-de-lille-2025-les-inscriptions-sont-ouvertes\/#breadcrumb","itemListElement":[{"@type":"ListItem","position":1,"name":"Accueil","item":"http:\/\/noel-a-lille.com\/"},{"@type":"ListItem","position":2,"name":"Village de No\u00ebl de Lille 2025 : les candidatures sont ouvertes !"}]},{"@type":"WebSite","@id":"http:\/\/noel-a-lille.com\/#website","url":"http:\/\/noel-a-lille.com\/","name":"Lille Christmas Market","description":"The magic of Christmas in Lille","publisher":{"@id":"http:\/\/noel-a-lille.com\/#organization"},"potentialAction":[{"@type":"SearchAction","target":{"@type":"EntryPoint","urlTemplate":"http:\/\/noel-a-lille.com\/?s={search_term_string}"},"query-input":{"@type":"PropertyValueSpecification","valueRequired":true,"valueName":"search_term_string"}}],"inLanguage":"en-US"},{"@type":"Organization","@id":"http:\/\/noel-a-lille.com\/#organization","name":"Lille Christmas Market","url":"http:\/\/noel-a-lille.com\/","logo":{"@type":"ImageObject","inLanguage":"en-US","@id":"http:\/\/noel-a-lille.com\/#\/schema\/logo\/image\/","url":"https:\/\/noel-a-lille.com\/wp-content\/uploads\/2026\/07\/logo-vdn-couleur-sans-attache.png","contentUrl":"https:\/\/noel-a-lille.com\/wp-content\/uploads\/2026\/07\/logo-vdn-couleur-sans-attache.png","width":893,"height":822,"caption":"Village de No\u00ebl de Lille"},"image":{"@id":"http:\/\/noel-a-lille.com\/#\/schema\/logo\/image\/"},"sameAs":["https:\/\/www.instagram.com\/villagedenoeldelille\/"]},{"@type":"Person","@id":"http:\/\/noel-a-lille.com\/#\/schema\/person\/aab49807d0c2aba6a2a7749e9ad0b115","name":"FLCAS","image":{"@type":"ImageObject","inLanguage":"en-US","@id":"https:\/\/secure.gravatar.com\/avatar\/bfb9c38db73a92ba9c5398970fc38fd55695f27b6352f85b511a7101d1e76dad?s=96&d=mm&r=g","url":"https:\/\/secure.gravatar.com\/avatar\/bfb9c38db73a92ba9c5398970fc38fd55695f27b6352f85b511a7101d1e76dad?s=96&d=mm&r=g","contentUrl":"https:\/\/secure.gravatar.com\/avatar\/bfb9c38db73a92ba9c5398970fc38fd55695f27b6352f85b511a7101d1e76dad?s=96&d=mm&r=g","caption":"FLCAS"},"url":"https:\/\/noel-a-lille.com\/en\/author\/flcas\/"}]}},"_links":{"self":[{"href":"https:\/\/noel-a-lille.com\/en\/wp-json\/wp\/v2\/posts\/2716","targetHints":{"allow":["GET"]}}],"collection":[{"href":"https:\/\/noel-a-lille.com\/en\/wp-json\/wp\/v2\/posts"}],"about":[{"href":"https:\/\/noel-a-lille.com\/en\/wp-json\/wp\/v2\/types\/post"}],"author":[{"embeddable":true,"href":"https:\/\/noel-a-lille.com\/en\/wp-json\/wp\/v2\/users\/1"}],"replies":[{"embeddable":true,"href":"https:\/\/noel-a-lille.com\/en\/wp-json\/wp\/v2\/comments?post=2716"}],"version-history":[{"count":5,"href":"https:\/\/noel-a-lille.com\/en\/wp-json\/wp\/v2\/posts\/2716\/revisions"}],"predecessor-version":[{"id":2726,"href":"https:\/\/noel-a-lille.com\/en\/wp-json\/wp\/v2\/posts\/2716\/revisions\/2726"}],"wp:featuredmedia":[{"embeddable":true,"href":"https:\/\/noel-a-lille.com\/en\/wp-json\/wp\/v2\/media\/2722"}],"wp:attachment":[{"href":"https:\/\/noel-a-lille.com\/en\/wp-json\/wp\/v2\/media?parent=2716"}],"wp:term":[{"taxonomy":"category","embeddable":true,"href":"https:\/\/noel-a-lille.com\/en\/wp-json\/wp\/v2\/categories?post=2716"},{"taxonomy":"post_tag","embeddable":true,"href":"https:\/\/noel-a-lille.com\/en\/wp-json\/wp\/v2\/tags?post=2716"}],"curies":[{"name":"Well played","href":"https:\/\/api.w.org\/{rel}","templated":true}]}}