{"id":218,"date":"2020-11-20T11:22:04","date_gmt":"2020-11-20T10:22:04","guid":{"rendered":"http:\/\/preprod.noel-a-lille.com\/www\/?p=218"},"modified":"2022-09-19T13:57:52","modified_gmt":"2022-09-19T11:57:52","slug":"le-village-de-noel-de-lille-2020","status":"publish","type":"post","link":"https:\/\/noel-a-lille.com\/en\/le-village-de-noel-de-lille-2020\/","title":{"rendered":"Le Village de No\u00ebl de Lille 2020"},"content":{"rendered":"<div style=\"height:47px\" aria-hidden=\"true\" class=\"wp-block-spacer\"><\/div>\n\n\n\n<h3 class=\"wp-block-heading\">Annulation du march\u00e9 de No\u00ebl de Lille<\/h3>\n\n\n\n<div style=\"height:39px\" aria-hidden=\"true\" class=\"wp-block-spacer\"><\/div>\n\n\n\n<p class=\"wp-block-paragraph\">C\u2019est avec le c\u0153ur lourd que nous avons \u00e9t\u00e9 dans l&rsquo;obligation <strong>d&rsquo;annuler l\u2019\u00e9dition 2020 du Village de No\u00ebl de Lille. <\/strong>Les circonstances de crise sanitaire actuelle ne nous permettent pas de maintenir cet \u00e9v\u00e9nement que nous organisons depuis 30 ans.<\/p>\n\n\n\n<div style=\"height:20px\" aria-hidden=\"true\" class=\"wp-block-spacer\"><\/div>\n\n\n\n<p class=\"wp-block-paragraph\">Malgr\u00e9 les efforts d\u00e9ploy\u00e9s par nos \u00e9quipes et notre collaboration avec la Ville de Lille et M. Le Pr\u00e9fet, aucune solution ne permettra de garantir la s\u00e9curit\u00e9 de chacune et de chacun. <\/p>\n\n\n\n<div style=\"height:20px\" aria-hidden=\"true\" class=\"wp-block-spacer\"><\/div>\n\n\n\n<p class=\"wp-block-paragraph\">Nous vous proposons sur ce site internet de retrouver les coordonn\u00e9es des artisans de l&rsquo;\u00e9dition du Village de No\u00ebl 2020. N&rsquo;h\u00e9sitez pas \u00e0 les contacter pour passer vos commandes de No\u00ebl en direct avec eux. <\/p>\n\n\n\n<div style=\"height:20px\" aria-hidden=\"true\" class=\"wp-block-spacer\"><\/div>\n\n\n\n<p class=\"wp-block-paragraph\"><strong>Nous vous attendons donc l\u2019ann\u00e9e prochaine, pour une \u00e9dition 2021 pleine de magie, de convivialit\u00e9 et de surprises. <\/strong>Toute l\u2019\u00e9quipe de La F\u00e9d\u00e9ration Lilloise du Commerce de l\u2019Artisanat et des sSrvices.&nbsp;&nbsp;<br><\/p>\n\n\n\n<div style=\"height:97px\" aria-hidden=\"true\" class=\"wp-block-spacer\"><\/div>\n\n\n\n<h3 class=\"wp-block-heading\">Les commer\u00e7ants-artisans<\/h3>\n\n\n\n<div style=\"height:21px\" aria-hidden=\"true\" class=\"wp-block-spacer\"><\/div>\n\n\n\n<p class=\"wp-block-paragraph\"><strong>Soutenez les commer\u00e7ants du Village de No\u00ebl de Lille 2020 en commandant vos cadeaux de No\u00ebl !<\/strong><\/p>\n\n\n\n<p class=\"wp-block-paragraph\"><br><strong><a href=\"http:\/\/preprod.noel-a-lille.com\/www\/index.php\/2020\/11\/18\/retrouvez-les-commercants-du-village-de-noel-2020\/\">Retrouvez les contacts des artisans du Village de No\u00ebl 2020<\/a><\/strong><a href=\"http:\/\/preprod.noel-a-lille.com\/www\/index.php\/2020\/11\/18\/retrouvez-les-commercants-du-village-de-noel-2020\/\"> <\/a>et passez commande en entrant en contact direct.<br><\/p>\n\n\n\n<div style=\"height:100px\" aria-hidden=\"true\" class=\"wp-block-spacer\"><\/div>\n\n\n\n<h3 class=\"wp-block-heading\">Des questions ?<br><\/h3>\n\n\n\n<div style=\"height:29px\" aria-hidden=\"true\" class=\"wp-block-spacer\"><\/div>\n\n\n\n<p class=\"wp-block-paragraph\">Depuis maintenant 30 ans, la F\u00e9d\u00e9ration Lilloise du Commerce de l\u2019Artisanat et des Services (FLCAS),&nbsp;acteur associatif&nbsp;incontournable du commerce et de l\u2019artisanat local, qui pr\u00f4ne et d\u00e9fend les valeurs de qualit\u00e9 et&nbsp;de proximit\u00e9 commerciales,&nbsp;organise chaque ann\u00e9e le Village de No\u00ebl de Lille.&nbsp;<\/p>\n\n\n\n<p class=\"wp-block-paragraph\">Pour toute question, contactez-nous \u00e0 noelalille@flcas.com.<\/p>\n\n\n\n<div style=\"height:63px\" aria-hidden=\"true\" class=\"wp-block-spacer\"><\/div>","protected":false},"excerpt":{"rendered":"<p>C\u2019est avec le c\u0153ur lourd que nous avons \u00e9t\u00e9 dans l&rsquo;obligation d&rsquo;annuler l\u2019\u00e9dition 2020 du Village de No\u00ebl de Lille. Les circonstances de crise sanitaire actuelle ne nous permettent pas de maintenir cet \u00e9v\u00e9nement.<\/p>","protected":false},"author":1,"featured_media":158,"comment_status":"open","ping_status":"open","sticky":false,"template":"","format":"standard","meta":{"saved_in_kubio":false,"footnotes":""},"categories":[6],"tags":[],"class_list":["post-218","post","type-post","status-publish","format-standard","has-post-thumbnail","hentry","category-actus"],"yoast_head":"<!-- This site is optimized with the Yoast SEO plugin v28.4 - https:\/\/yoast.com\/product\/yoast-seo-wordpress\/ -->\n<title>Le Village de No\u00ebl de Lille 2020 - Village de No\u00ebl de Lille<\/title>\n<meta name=\"robots\" content=\"index, follow, max-snippet:-1, max-image-preview:large, max-video-preview:-1\" \/>\n<link rel=\"canonical\" href=\"http:\/\/noel-a-lille.com\/en\/le-village-de-noel-de-lille-2020\/\" \/>\n<meta property=\"og:locale\" content=\"en_US\" \/>\n<meta property=\"og:type\" content=\"article\" \/>\n<meta property=\"og:title\" content=\"Le Village de No\u00ebl de Lille 2020 - Village de No\u00ebl de Lille\" \/>\n<meta property=\"og:description\" content=\"C\u2019est avec le c\u0153ur lourd que nous avons \u00e9t\u00e9 dans l&#039;obligation d&#039;annuler l\u2019\u00e9dition 2020 du Village de No\u00ebl de Lille. Les circonstances de crise sanitaire actuelle ne nous permettent pas de maintenir cet \u00e9v\u00e9nement.\" \/>\n<meta property=\"og:url\" content=\"http:\/\/noel-a-lille.com\/en\/le-village-de-noel-de-lille-2020\/\" \/>\n<meta property=\"og:site_name\" content=\"Village de No\u00ebl de Lille\" \/>\n<meta property=\"article:published_time\" content=\"2020-11-20T10:22:04+00:00\" \/>\n<meta property=\"article:modified_time\" content=\"2022-09-19T11:57:52+00:00\" \/>\n<meta property=\"og:image\" content=\"http:\/\/noel-a-lille.com\/wp-content\/uploads\/2020\/08\/couv-2.jpg\" \/>\n\t<meta property=\"og:image:width\" content=\"1499\" \/>\n\t<meta property=\"og:image:height\" content=\"637\" \/>\n\t<meta property=\"og:image:type\" content=\"image\/jpeg\" \/>\n<meta name=\"author\" content=\"FLCAS\" \/>\n<meta name=\"twitter:card\" content=\"summary_large_image\" \/>\n<meta name=\"twitter:label1\" content=\"Written by\" \/>\n\t<meta name=\"twitter:data1\" content=\"FLCAS\" \/>\n\t<meta name=\"twitter:label2\" content=\"Est. reading time\" \/>\n\t<meta name=\"twitter:data2\" content=\"1 minute\" \/>\n<script type=\"application\/ld+json\" class=\"yoast-schema-graph\">{\"@context\":\"https:\\\/\\\/schema.org\",\"@graph\":[{\"@type\":\"Article\",\"@id\":\"http:\\\/\\\/noel-a-lille.com\\\/le-village-de-noel-de-lille-2020\\\/#article\",\"isPartOf\":{\"@id\":\"http:\\\/\\\/noel-a-lille.com\\\/le-village-de-noel-de-lille-2020\\\/\"},\"author\":{\"name\":\"FLCAS\",\"@id\":\"http:\\\/\\\/noel-a-lille.com\\\/#\\\/schema\\\/person\\\/aab49807d0c2aba6a2a7749e9ad0b115\"},\"headline\":\"Le Village de No\u00ebl de Lille 2020\",\"datePublished\":\"2020-11-20T10:22:04+00:00\",\"dateModified\":\"2022-09-19T11:57:52+00:00\",\"mainEntityOfPage\":{\"@id\":\"http:\\\/\\\/noel-a-lille.com\\\/le-village-de-noel-de-lille-2020\\\/\"},\"wordCount\":278,\"commentCount\":0,\"publisher\":{\"@id\":\"http:\\\/\\\/noel-a-lille.com\\\/#organization\"},\"image\":{\"@id\":\"http:\\\/\\\/noel-a-lille.com\\\/le-village-de-noel-de-lille-2020\\\/#primaryimage\"},\"thumbnailUrl\":\"https:\\\/\\\/noel-a-lille.com\\\/wp-content\\\/uploads\\\/2020\\\/08\\\/couv-2.jpg\",\"articleSection\":[\"ACTUALIT\u00c9\"],\"inLanguage\":\"en-US\",\"potentialAction\":[{\"@type\":\"CommentAction\",\"name\":\"Comment\",\"target\":[\"http:\\\/\\\/noel-a-lille.com\\\/le-village-de-noel-de-lille-2020\\\/#respond\"]}]},{\"@type\":\"WebPage\",\"@id\":\"http:\\\/\\\/noel-a-lille.com\\\/le-village-de-noel-de-lille-2020\\\/\",\"url\":\"http:\\\/\\\/noel-a-lille.com\\\/le-village-de-noel-de-lille-2020\\\/\",\"name\":\"Le Village de No\u00ebl de Lille 2020 - Village de No\u00ebl de Lille\",\"isPartOf\":{\"@id\":\"http:\\\/\\\/noel-a-lille.com\\\/#website\"},\"primaryImageOfPage\":{\"@id\":\"http:\\\/\\\/noel-a-lille.com\\\/le-village-de-noel-de-lille-2020\\\/#primaryimage\"},\"image\":{\"@id\":\"http:\\\/\\\/noel-a-lille.com\\\/le-village-de-noel-de-lille-2020\\\/#primaryimage\"},\"thumbnailUrl\":\"https:\\\/\\\/noel-a-lille.com\\\/wp-content\\\/uploads\\\/2020\\\/08\\\/couv-2.jpg\",\"datePublished\":\"2020-11-20T10:22:04+00:00\",\"dateModified\":\"2022-09-19T11:57:52+00:00\",\"breadcrumb\":{\"@id\":\"http:\\\/\\\/noel-a-lille.com\\\/le-village-de-noel-de-lille-2020\\\/#breadcrumb\"},\"inLanguage\":\"en-US\",\"potentialAction\":[{\"@type\":\"ReadAction\",\"target\":[\"http:\\\/\\\/noel-a-lille.com\\\/le-village-de-noel-de-lille-2020\\\/\"]}]},{\"@type\":\"ImageObject\",\"inLanguage\":\"en-US\",\"@id\":\"http:\\\/\\\/noel-a-lille.com\\\/le-village-de-noel-de-lille-2020\\\/#primaryimage\",\"url\":\"https:\\\/\\\/noel-a-lille.com\\\/wp-content\\\/uploads\\\/2020\\\/08\\\/couv-2.jpg\",\"contentUrl\":\"https:\\\/\\\/noel-a-lille.com\\\/wp-content\\\/uploads\\\/2020\\\/08\\\/couv-2.jpg\",\"width\":1499,\"height\":637,\"caption\":\"village de noel a lille\"},{\"@type\":\"BreadcrumbList\",\"@id\":\"http:\\\/\\\/noel-a-lille.com\\\/le-village-de-noel-de-lille-2020\\\/#breadcrumb\",\"itemListElement\":[{\"@type\":\"ListItem\",\"position\":1,\"name\":\"Accueil\",\"item\":\"http:\\\/\\\/noel-a-lille.com\\\/\"},{\"@type\":\"ListItem\",\"position\":2,\"name\":\"Le Village de No\u00ebl de Lille 2020\"}]},{\"@type\":\"WebSite\",\"@id\":\"http:\\\/\\\/noel-a-lille.com\\\/#website\",\"url\":\"http:\\\/\\\/noel-a-lille.com\\\/\",\"name\":\"Village de No\u00ebl de Lille\",\"description\":\"La magie de No\u00ebl \u00e0 Lille\",\"publisher\":{\"@id\":\"http:\\\/\\\/noel-a-lille.com\\\/#organization\"},\"potentialAction\":[{\"@type\":\"SearchAction\",\"target\":{\"@type\":\"EntryPoint\",\"urlTemplate\":\"http:\\\/\\\/noel-a-lille.com\\\/?s={search_term_string}\"},\"query-input\":{\"@type\":\"PropertyValueSpecification\",\"valueRequired\":true,\"valueName\":\"search_term_string\"}}],\"inLanguage\":\"en-US\"},{\"@type\":\"Organization\",\"@id\":\"http:\\\/\\\/noel-a-lille.com\\\/#organization\",\"name\":\"Village de No\u00ebl de Lille\",\"url\":\"http:\\\/\\\/noel-a-lille.com\\\/\",\"logo\":{\"@type\":\"ImageObject\",\"inLanguage\":\"en-US\",\"@id\":\"http:\\\/\\\/noel-a-lille.com\\\/#\\\/schema\\\/logo\\\/image\\\/\",\"url\":\"https:\\\/\\\/noel-a-lille.com\\\/wp-content\\\/uploads\\\/2026\\\/07\\\/logo-vdn-couleur-sans-attache.png\",\"contentUrl\":\"https:\\\/\\\/noel-a-lille.com\\\/wp-content\\\/uploads\\\/2026\\\/07\\\/logo-vdn-couleur-sans-attache.png\",\"width\":893,\"height\":822,\"caption\":\"Village de No\u00ebl de Lille\"},\"image\":{\"@id\":\"http:\\\/\\\/noel-a-lille.com\\\/#\\\/schema\\\/logo\\\/image\\\/\"},\"sameAs\":[\"https:\\\/\\\/www.instagram.com\\\/villagedenoeldelille\\\/\"]},{\"@type\":\"Person\",\"@id\":\"http:\\\/\\\/noel-a-lille.com\\\/#\\\/schema\\\/person\\\/aab49807d0c2aba6a2a7749e9ad0b115\",\"name\":\"FLCAS\",\"image\":{\"@type\":\"ImageObject\",\"inLanguage\":\"en-US\",\"@id\":\"https:\\\/\\\/secure.gravatar.com\\\/avatar\\\/bfb9c38db73a92ba9c5398970fc38fd55695f27b6352f85b511a7101d1e76dad?s=96&d=mm&r=g\",\"url\":\"https:\\\/\\\/secure.gravatar.com\\\/avatar\\\/bfb9c38db73a92ba9c5398970fc38fd55695f27b6352f85b511a7101d1e76dad?s=96&d=mm&r=g\",\"contentUrl\":\"https:\\\/\\\/secure.gravatar.com\\\/avatar\\\/bfb9c38db73a92ba9c5398970fc38fd55695f27b6352f85b511a7101d1e76dad?s=96&d=mm&r=g\",\"caption\":\"FLCAS\"},\"url\":\"https:\\\/\\\/noel-a-lille.com\\\/en\\\/author\\\/flcas\\\/\"}]}<\/script>\n<!-- \/ Yoast SEO plugin. -->","yoast_head_json":{"title":"Le Village de No\u00ebl de Lille 2020 - Village de No\u00ebl de Lille","robots":{"index":"index","follow":"follow","max-snippet":"max-snippet:-1","max-image-preview":"max-image-preview:large","max-video-preview":"max-video-preview:-1"},"canonical":"http:\/\/noel-a-lille.com\/en\/le-village-de-noel-de-lille-2020\/","og_locale":"en_US","og_type":"article","og_title":"Le Village de No\u00ebl de Lille 2020 - Village de No\u00ebl de Lille","og_description":"C\u2019est avec le c\u0153ur lourd que nous avons \u00e9t\u00e9 dans l'obligation d'annuler l\u2019\u00e9dition 2020 du Village de No\u00ebl de Lille. Les circonstances de crise sanitaire actuelle ne nous permettent pas de maintenir cet \u00e9v\u00e9nement.","og_url":"http:\/\/noel-a-lille.com\/en\/le-village-de-noel-de-lille-2020\/","og_site_name":"Village de No\u00ebl de Lille","article_published_time":"2020-11-20T10:22:04+00:00","article_modified_time":"2022-09-19T11:57:52+00:00","og_image":[{"width":1499,"height":637,"url":"http:\/\/noel-a-lille.com\/wp-content\/uploads\/2020\/08\/couv-2.jpg","type":"image\/jpeg"}],"author":"FLCAS","twitter_card":"summary_large_image","twitter_misc":{"Written by":"FLCAS","Est. reading time":"1 minute"},"schema":{"@context":"https:\/\/schema.org","@graph":[{"@type":"Article","@id":"http:\/\/noel-a-lille.com\/le-village-de-noel-de-lille-2020\/#article","isPartOf":{"@id":"http:\/\/noel-a-lille.com\/le-village-de-noel-de-lille-2020\/"},"author":{"name":"FLCAS","@id":"http:\/\/noel-a-lille.com\/#\/schema\/person\/aab49807d0c2aba6a2a7749e9ad0b115"},"headline":"Le Village de No\u00ebl de Lille 2020","datePublished":"2020-11-20T10:22:04+00:00","dateModified":"2022-09-19T11:57:52+00:00","mainEntityOfPage":{"@id":"http:\/\/noel-a-lille.com\/le-village-de-noel-de-lille-2020\/"},"wordCount":278,"commentCount":0,"publisher":{"@id":"http:\/\/noel-a-lille.com\/#organization"},"image":{"@id":"http:\/\/noel-a-lille.com\/le-village-de-noel-de-lille-2020\/#primaryimage"},"thumbnailUrl":"https:\/\/noel-a-lille.com\/wp-content\/uploads\/2020\/08\/couv-2.jpg","articleSection":["ACTUALIT\u00c9"],"inLanguage":"en-US","potentialAction":[{"@type":"CommentAction","name":"Comment","target":["http:\/\/noel-a-lille.com\/le-village-de-noel-de-lille-2020\/#respond"]}]},{"@type":"WebPage","@id":"http:\/\/noel-a-lille.com\/le-village-de-noel-de-lille-2020\/","url":"http:\/\/noel-a-lille.com\/le-village-de-noel-de-lille-2020\/","name":"Le Village de No\u00ebl de Lille 2020 - Village de No\u00ebl de Lille","isPartOf":{"@id":"http:\/\/noel-a-lille.com\/#website"},"primaryImageOfPage":{"@id":"http:\/\/noel-a-lille.com\/le-village-de-noel-de-lille-2020\/#primaryimage"},"image":{"@id":"http:\/\/noel-a-lille.com\/le-village-de-noel-de-lille-2020\/#primaryimage"},"thumbnailUrl":"https:\/\/noel-a-lille.com\/wp-content\/uploads\/2020\/08\/couv-2.jpg","datePublished":"2020-11-20T10:22:04+00:00","dateModified":"2022-09-19T11:57:52+00:00","breadcrumb":{"@id":"http:\/\/noel-a-lille.com\/le-village-de-noel-de-lille-2020\/#breadcrumb"},"inLanguage":"en-US","potentialAction":[{"@type":"ReadAction","target":["http:\/\/noel-a-lille.com\/le-village-de-noel-de-lille-2020\/"]}]},{"@type":"ImageObject","inLanguage":"en-US","@id":"http:\/\/noel-a-lille.com\/le-village-de-noel-de-lille-2020\/#primaryimage","url":"https:\/\/noel-a-lille.com\/wp-content\/uploads\/2020\/08\/couv-2.jpg","contentUrl":"https:\/\/noel-a-lille.com\/wp-content\/uploads\/2020\/08\/couv-2.jpg","width":1499,"height":637,"caption":"village de noel a lille"},{"@type":"BreadcrumbList","@id":"http:\/\/noel-a-lille.com\/le-village-de-noel-de-lille-2020\/#breadcrumb","itemListElement":[{"@type":"ListItem","position":1,"name":"Accueil","item":"http:\/\/noel-a-lille.com\/"},{"@type":"ListItem","position":2,"name":"Le Village de No\u00ebl de Lille 2020"}]},{"@type":"WebSite","@id":"http:\/\/noel-a-lille.com\/#website","url":"http:\/\/noel-a-lille.com\/","name":"Lille Christmas Market","description":"The magic of Christmas in Lille","publisher":{"@id":"http:\/\/noel-a-lille.com\/#organization"},"potentialAction":[{"@type":"SearchAction","target":{"@type":"EntryPoint","urlTemplate":"http:\/\/noel-a-lille.com\/?s={search_term_string}"},"query-input":{"@type":"PropertyValueSpecification","valueRequired":true,"valueName":"search_term_string"}}],"inLanguage":"en-US"},{"@type":"Organization","@id":"http:\/\/noel-a-lille.com\/#organization","name":"Lille Christmas Market","url":"http:\/\/noel-a-lille.com\/","logo":{"@type":"ImageObject","inLanguage":"en-US","@id":"http:\/\/noel-a-lille.com\/#\/schema\/logo\/image\/","url":"https:\/\/noel-a-lille.com\/wp-content\/uploads\/2026\/07\/logo-vdn-couleur-sans-attache.png","contentUrl":"https:\/\/noel-a-lille.com\/wp-content\/uploads\/2026\/07\/logo-vdn-couleur-sans-attache.png","width":893,"height":822,"caption":"Village de No\u00ebl de Lille"},"image":{"@id":"http:\/\/noel-a-lille.com\/#\/schema\/logo\/image\/"},"sameAs":["https:\/\/www.instagram.com\/villagedenoeldelille\/"]},{"@type":"Person","@id":"http:\/\/noel-a-lille.com\/#\/schema\/person\/aab49807d0c2aba6a2a7749e9ad0b115","name":"FLCAS","image":{"@type":"ImageObject","inLanguage":"en-US","@id":"https:\/\/secure.gravatar.com\/avatar\/bfb9c38db73a92ba9c5398970fc38fd55695f27b6352f85b511a7101d1e76dad?s=96&d=mm&r=g","url":"https:\/\/secure.gravatar.com\/avatar\/bfb9c38db73a92ba9c5398970fc38fd55695f27b6352f85b511a7101d1e76dad?s=96&d=mm&r=g","contentUrl":"https:\/\/secure.gravatar.com\/avatar\/bfb9c38db73a92ba9c5398970fc38fd55695f27b6352f85b511a7101d1e76dad?s=96&d=mm&r=g","caption":"FLCAS"},"url":"https:\/\/noel-a-lille.com\/en\/author\/flcas\/"}]}},"_links":{"self":[{"href":"https:\/\/noel-a-lille.com\/en\/wp-json\/wp\/v2\/posts\/218","targetHints":{"allow":["GET"]}}],"collection":[{"href":"https:\/\/noel-a-lille.com\/en\/wp-json\/wp\/v2\/posts"}],"about":[{"href":"https:\/\/noel-a-lille.com\/en\/wp-json\/wp\/v2\/types\/post"}],"author":[{"embeddable":true,"href":"https:\/\/noel-a-lille.com\/en\/wp-json\/wp\/v2\/users\/1"}],"replies":[{"embeddable":true,"href":"https:\/\/noel-a-lille.com\/en\/wp-json\/wp\/v2\/comments?post=218"}],"version-history":[{"count":19,"href":"https:\/\/noel-a-lille.com\/en\/wp-json\/wp\/v2\/posts\/218\/revisions"}],"predecessor-version":[{"id":1541,"href":"https:\/\/noel-a-lille.com\/en\/wp-json\/wp\/v2\/posts\/218\/revisions\/1541"}],"wp:featuredmedia":[{"embeddable":true,"href":"https:\/\/noel-a-lille.com\/en\/wp-json\/wp\/v2\/media\/158"}],"wp:attachment":[{"href":"https:\/\/noel-a-lille.com\/en\/wp-json\/wp\/v2\/media?parent=218"}],"wp:term":[{"taxonomy":"category","embeddable":true,"href":"https:\/\/noel-a-lille.com\/en\/wp-json\/wp\/v2\/categories?post=218"},{"taxonomy":"post_tag","embeddable":true,"href":"https:\/\/noel-a-lille.com\/en\/wp-json\/wp\/v2\/tags?post=218"}],"curies":[{"name":"Well played","href":"https:\/\/api.w.org\/{rel}","templated":true}]}}