{"id":180,"date":"2020-11-18T10:59:53","date_gmt":"2020-11-18T09:59:53","guid":{"rendered":"http:\/\/preprod.noel-a-lille.com\/www\/?p=180"},"modified":"2022-09-23T13:30:54","modified_gmt":"2022-09-23T11:30:54","slug":"retrouvez-les-commercants-du-village-de-noel-2020","status":"publish","type":"post","link":"https:\/\/noel-a-lille.com\/en\/retrouvez-les-commercants-du-village-de-noel-2020\/","title":{"rendered":"\u00c9dition 2020 annul\u00e9e &#8211; Retrouvez vos artisans du Village de No\u00ebl"},"content":{"rendered":"<p class=\"wp-block-paragraph\">\u00c0 d\u00e9faut de vous accueillir physiquement, vos artisans viennent \u00e0 vous et sont \u00e0 votre disposition pour tous vos cadeaux de No\u00ebl ! <br><strong>Retrouvez ci-dessous l&rsquo;ensemble des contacts des commer\u00e7ants du Village de No\u00ebl de Lille 2020.<\/strong><\/p>\n\n\n\n<div style=\"height:28px\" aria-hidden=\"true\" class=\"wp-block-spacer\"><\/div>\n\n\n\n<figure class=\"wp-block-image\"><img loading=\"lazy\" decoding=\"async\" width=\"675\" height=\"150\" src=\"http:\/\/preprod.noel-a-lille.com\/www\/wp-content\/uploads\/2020\/11\/produitsfins-4.jpg\" alt=\"\" class=\"wp-image-458\" srcset=\"https:\/\/noel-a-lille.com\/wp-content\/uploads\/2020\/11\/produitsfins-4.jpg 675w, https:\/\/noel-a-lille.com\/wp-content\/uploads\/2020\/11\/produitsfins-4-300x67.jpg 300w\" sizes=\"(max-width: 675px) 100vw, 675px\" \/><\/figure>\n\n\n\n<p class=\"wp-block-paragraph\">\u2728 <strong>Le Rucher Creusois&nbsp;&#8211;&nbsp;Miel&nbsp;bio<\/strong><br>Cr\u00e9ation artisanale de produits \u00e0 base de<strong>&nbsp;miel Bio<\/strong><br><a href=\"http:\/\/www.mieldulimousin.com\"><strong>www.mieldulimousin.com<\/strong><br><\/a><strong>Contact&nbsp;&#8211;&nbsp;<\/strong>06.42.59.79.70<\/p>\n\n\n\n<p class=\"wp-block-paragraph\">\u2728 <strong>Louis de Lauzac, Valette &#8211; Foie gras<br><\/strong>Epicerie fine, produits du P\u00e9rigord : Terrines, Rillettes, Foies Gras de canard et oie, confits de canard, magrets, cassoulets, anchauds, c\u00e8pes cuisin\u00e9s, poudre de champignons et truffes.<br><a href=\"https:\/\/www.facebook.com\/Louis-de-Lauzac-103377014655125\/\">Facebook&nbsp;:&nbsp;@Louisdelauzac<\/a><br><strong>Contact &#8211;<\/strong>louisdelauzac@gmail.com &#8211; 06.86.13.33.65<br><br>\u2728  <strong>Charles &#8211; Chocolartisan, Ma\u00eetre artisan chocolatier<br><\/strong>Ma\u00eetre artisan chocolatier sp\u00e9cialis\u00e9 dans la cr\u00e9ation de p\u00e2tes \u00e0 tartiner sans huile de palme depuis plus de 10ans. Nous vous proposons une large gamme de produits destin\u00e9es \u00e0 tous r\u00e9gimes alimentaires.<strong><br><\/strong><a href=\"http:\/\/www.pateatartiner.fr\/pate-a-tartiner\">www.pateatartiner.fr\/pate-a-tartiner<\/a><br><a href=\"https:\/\/www.facebook.com\/pateatartiner\/reviews\/?ref=page_internal\">Facebook : @pateatartiner<\/a><br><strong>Contact &#8211; <\/strong>04.77.26.86.51<\/p>\n\n\n\n<p class=\"wp-block-paragraph\">\u2728  <strong>Confiserie de Pa\u00efolive &#8211; Nougat&amp;co<br><\/strong> Artisan nougatier qui propose une large gamme de nougats tendres cuits au chaudron en cuivre \u00e0 base de miel de lavande de Provence ou miel de ch\u00e2taignier d&rsquo;Ard\u00e8che avec des amandes douces torr\u00e9fi\u00e9es du sucre et du blanc doeufs. <br><strong>Instagram : <\/strong><a href=\"https:\/\/www.instagram.com\/nougatnco\/\">@nougatnco<\/a><br><strong>Contact <\/strong>&#8211; 06.61.24.53.74  &#8211; contact@nougatnco.fr<\/p>\n\n\n\n<div style=\"height:42px\" aria-hidden=\"true\" class=\"wp-block-spacer\"><\/div>\n\n\n\n<figure class=\"wp-block-image\"><img loading=\"lazy\" decoding=\"async\" width=\"675\" height=\"150\" src=\"http:\/\/preprod.noel-a-lille.com\/www\/wp-content\/uploads\/2020\/11\/alimentation.jpg\" alt=\"\" class=\"wp-image-451\" srcset=\"https:\/\/noel-a-lille.com\/wp-content\/uploads\/2020\/11\/alimentation.jpg 675w, https:\/\/noel-a-lille.com\/wp-content\/uploads\/2020\/11\/alimentation-300x67.jpg 300w\" sizes=\"(max-width: 675px) 100vw, 675px\" \/><\/figure>\n\n\n\n<p class=\"wp-block-paragraph\">\u2728  <strong>Cioccobello &#8211; Chocolatier Italien<\/strong><br>Depuis 20 ans, Cioccobello propose un chocolat italien en forme de gros bonbons color\u00e9s au lait, noir, avec liqueur (rhum, grappa, amaretto&#8230;)  et sans liqueur <br><strong><a href=\"http:\/\/www.cioccobello.com\">www.cioccobello.com<\/a><br>Contact<\/strong> &#8211; cioccobello@yahoo.fr<\/p>\n\n\n\n<p class=\"wp-block-paragraph\">\u2728  <strong>La Gaufre \u00e0 l&rsquo;ancienne <\/strong><br>Gaufre fourr\u00e9 vergeoise vanille rhum ou cafe tradition du nord<br><strong>Contact<\/strong> &#8211; lagaufrealancienne@orange.fr &#8211; 06.67.49.31.97<\/p>\n\n\n\n<p class=\"wp-block-paragraph\">\u2728  <strong>Maison Jehan &#8211; Cidre, poir\u00e9, pommeau, calvados &#8230; <\/strong><br>Maison Jehan est sp\u00e9cialis\u00e9e dans la fabrication artisanale cidricole dans le bocage Normand, plus pr\u00e9cis\u00e9ment dans le Mortainais o\u00f9 les vergers sont encore pr\u00e9serv\u00e9s sur la plupart des exploitations agricoles. Ils ont d\u00e9velopp\u00e9 une gamme de produits \u00e0 base de pommes et de poires et je pr\u00e9sente actuellement une gamme vari\u00e9e : cidre, poir\u00e9, pommeau, calvados, vinaigres et divers ap\u00e9ritifs. Des produits aux saveurs riches en go\u00fbt et une qualit\u00e9 qui vient d&rsquo;un savoir-faire artisanal.<br><a rel=\"noreferrer noopener\" href=\"http:\/\/www.maisonjehan.com\" target=\"_blank\"><strong>www.maisonjehan.com<\/strong><\/a><br><strong>Contact :<\/strong> maisonjehan@orange.fr &#8211; 02 33 51 62 08<\/p>\n\n\n\n<div style=\"height:49px\" aria-hidden=\"true\" class=\"wp-block-spacer\"><\/div>\n\n\n\n<figure class=\"wp-block-image\"><img loading=\"lazy\" decoding=\"async\" width=\"675\" height=\"150\" src=\"http:\/\/preprod.noel-a-lille.com\/www\/wp-content\/uploads\/2020\/11\/bijouxetaccessoires.jpg\" alt=\"\" class=\"wp-image-452\" srcset=\"https:\/\/noel-a-lille.com\/wp-content\/uploads\/2020\/11\/bijouxetaccessoires.jpg 675w, https:\/\/noel-a-lille.com\/wp-content\/uploads\/2020\/11\/bijouxetaccessoires-300x67.jpg 300w\" sizes=\"(max-width: 675px) 100vw, 675px\" \/><\/figure>\n\n\n\n<p class=\"wp-block-paragraph\">\u2728  <strong>Skin Project<\/strong> <strong>&#8211; Artisanat cuir<\/strong><br>Petite entreprise amicale d&rsquo;Artisanat Cuir Naturel &#8211; Tannage traditionnel Sacs \u00e0 main, Sacoches homme, Cartables, Sacs \u00e0 dos&#8230;.<br><a href=\"http:\/\/www.skinproject.fr\"><strong>www.skinproject.fr<\/strong><br><\/a><strong>Contact : <\/strong>contact@skinproject.fr&nbsp;&#8211; 06.89.89.51.87<\/p>\n\n\n\n<p class=\"wp-block-paragraph\">\u2728 <strong>Dupont bruno, lezardelux <\/strong><br>Cr\u00e9ations de bijoux artisanaux, agr\u00e9ment\u00e9 de pierres naturelles, et cristaux Swarovski&#8230;<br><a href=\"http:\/\/www.etsy.com\/fr\/shop\/lezardelux\">www.etsy.com\/fr\/shop\/lezardelux<br><\/a><strong>Contact :<\/strong> 06.72.33.44.27 &#8211; lezardelux@yahoo.fr<\/p>\n\n\n\n<p class=\"wp-block-paragraph\">\u2728  <strong>Gustave &amp; Mauricette&nbsp;&#8211;&nbsp;Cr\u00e9ation&nbsp;\u00ab\u00a0naturellement&nbsp;authentique\u00a0\u00bb<\/strong><br>Gustave et Mauricette c&rsquo;est l&rsquo;aventure d&rsquo;une Lilloise et de ses cr\u00e9ations \u00ab\u00a0naturellement authentique\u00a0\u00bb, sa marque d&rsquo;accessoires 100% fait main, se trouvent au d\u00e9tour d&rsquo;un noeud papillon, de bijoux, d&rsquo;une pochette, de bretelles, d&rsquo;accessoires b\u00e9b\u00e9, de kit z\u00e9ro d\u00e9chet, de masques et bien d&rsquo;autres&#8230;  <br><strong><a href=\"http:\/\/www.gustaveetmauricette.com\">www.gustaveetmauricette.com<br><\/a>Facebook :<\/strong> <a href=\"https:\/\/www.facebook.com\/gustaveetmauricette\/?ref=page_internal\">@gustaveetmauricette<\/a><br><strong>Insta : <\/strong><a href=\"https:\/\/www.instagram.com\/gustaveetmauricette_noeudpap\/?hl=fr\">gustaveetmauricette_noeudpap<\/a><br><strong>Contact : <\/strong>gustaveetmairicette@gmail.com &#8211; 06.46.00.61.67<\/p>\n\n\n\n<p class=\"wp-block-paragraph\"><strong>\u2728   By Anna Cr\u00e9ations Cuir <\/strong><br>Artisan maroquinier, By Anna Cr\u00e9ation Cuir propose un univers haut en couleur. Sp\u00e9cialis\u00e9 dans le cuir, retrouvez des cr\u00e9ations origiles de boucles d&rsquo;oreille mais aussi des accessoires de maroquinerie, comme des \u00e9tuis, des porte-cartes, des porte-monnaie&#8230; <br><a href=\"http:\/\/www.etsy.com\/shop\/ByAnnaCuir\"><strong>www.etsy.com\/shop\/ByAnnaCuir<\/strong><\/a><br><strong>Facebook : <\/strong><a href=\"https:\/\/www.facebook.com\/byannacuir\">@byannacuir<\/a>    <br><strong>Contact : <\/strong>anna.reinaudo@yahoo.fr &#8211; 06.75.84.73.26<br><\/p>\n\n\n\n<p class=\"wp-block-paragraph\">\u2728  <strong> Princesse d&rsquo;argent &#8211; Bijoux<\/strong><br>Bijoux argent et pierre semi-pr\u00e9cieuses Boh\u00eames et intemporels, s\u00e9lectionn\u00e9s avec passion et r\u00e9alis\u00e9s dans de petits ateliers en collaboration avec des artisans lors de mes voyages.<br><a rel=\"noreferrer noopener\" href=\"http:\/\/www.princesses-d-argent.com\" target=\"_blank\">www.princesses-d-argent.com<\/a><br><strong>Contact :<\/strong> contact@princesses-d-argent.com &#8211; 06.70.10.46.67<\/p>\n\n\n\n<p class=\"wp-block-paragraph\">\u2728  <strong> Kezito<\/strong><br>Apportez une note originale \u00e0 votre tenue avec les broches aimant\u00e9es, les bijoux d\u2019\u00e9charpe, les pendentifs et les foulards. Tous nos bijoux d\u2019\u00e9charpe et nos broches aimant\u00e9es sont dessin\u00e9s et imagin\u00e9s par nos soins. Nos inspirations sont diverses avec des styles tr\u00e8s vari\u00e9s : classiques et sobres ou plus contemporains, chics et ethniques ou plus fantaisies. <br><a rel=\"noreferrer noopener\" href=\"http:\/\/www.kezito.fr\" target=\"_blank\"><strong>www.kezito.fr<\/strong><\/a><br><strong>Facebook :<\/strong> <a href=\"https:\/\/www.facebook.com\/kezitobijoux\">@kezitobijoux<\/a><\/p>\n\n\n\n<p class=\"wp-block-paragraph\">\u2728  <strong>Bijoux Miao<\/strong><br>Bijoux \u00e9thiques et ethniques r\u00e9alis\u00e9s \u00e0 la mais pour un style chic et boh\u00e8me<br><a rel=\"noreferrer noopener\" href=\"http:\/\/www.chineindigo.com\" target=\"_blank\"><strong>www.chineindigo.com<\/strong><\/a><br><strong>Contact :<\/strong> verodebuyser@gmail.com &#8211; 06.69.41.64.89<br><br>\u2728  <strong>Osvaldo MAZA<\/strong><br>Fabrication de bijoux en Fil de lin , colliers et bracelets, de bracelets en cuir<br><a rel=\"noreferrer noopener\" href=\"http:\/\/www.lin-et-perles.com\" target=\"_blank\"><strong>www.lin-et-perles.com<\/strong><\/a><br><strong>Contact : <\/strong>contact.linetperles@gmail.com &#8211; 06.58.99.93.13 <\/p>\n\n\n\n<div style=\"height:51px\" aria-hidden=\"true\" class=\"wp-block-spacer\"><\/div>\n\n\n\n<figure class=\"wp-block-image\"><img loading=\"lazy\" decoding=\"async\" width=\"675\" height=\"150\" src=\"http:\/\/preprod.noel-a-lille.com\/www\/wp-content\/uploads\/2020\/11\/loisirsetanimations-.jpg\" alt=\"\" class=\"wp-image-453\" srcset=\"https:\/\/noel-a-lille.com\/wp-content\/uploads\/2020\/11\/loisirsetanimations-.jpg 675w, https:\/\/noel-a-lille.com\/wp-content\/uploads\/2020\/11\/loisirsetanimations--300x67.jpg 300w\" sizes=\"(max-width: 675px) 100vw, 675px\" \/><\/figure>\n\n\n\n<p class=\"wp-block-paragraph\">\u2728 <strong> BD Music<\/strong><br>Une collection de biographies des plus grands musiciens de jazz, de rock, de blues, de musique classique &#8230;. illustr\u00e9es par des peintres ou dessinateurs de bandes dessin\u00e9es et accompagn\u00e9es de compact discs. <br><strong>Contact :<\/strong> bdmusic@bdmusic.fr<\/p>\n\n\n\n<p class=\"wp-block-paragraph\"><strong>\u2728 Ugears-Models &#8211; Puzzle 3d M\u00e9canique<\/strong><br>Puzzle 3d M\u00e9canique 100% en bois \u00e0 assembler soi-m\u00eame sans colle, fonctionne sans pile.<br><a rel=\"noreferrer noopener\" href=\"http:\/\/www.ugears-models.fr\" target=\"_blank\"><strong>www.ugears-models.fr<\/strong><\/a><br><strong>Contact :<\/strong> info@ugears-models.fr<\/p>\n\n\n\n<p class=\"wp-block-paragraph\"><strong>\u2728&nbsp;Weembi<\/strong><br>Chute libre indoor \u00e0 Lille-Lesquin. Offrez le plus vieux r\u00eave de l&rsquo;Homme: voler! C&rsquo;est LE cadeau sensations &amp; \u00e9motions !<br><a href=\"http:\/\/www.weembi.com \"><strong>www.weembi.com <br><\/strong><\/a><strong>Contact :<\/strong> info@weembi.com &#8211; 03.74.09.00.00 <\/p>\n\n\n\n<div style=\"height:44px\" aria-hidden=\"true\" class=\"wp-block-spacer\"><\/div>\n\n\n\n<figure class=\"wp-block-image\"><img decoding=\"async\" src=\"http:\/\/preprod.noel-a-lille.com\/www\/wp-content\/uploads\/2020\/11\/d\u00e9co.jpg\" alt=\"\" class=\"wp-image-460\"\/><\/figure>\n\n\n\n<p class=\"wp-block-paragraph\">\u2728  <strong>Le Comptoir aux Santons <\/strong><br>Chaque ann\u00e9e, le Comptoir aux Santons vient chaque ann\u00e9e sur le march\u00e9 de no\u00ebl de Lille avec les santons ESCOFFIER &#8211; ARTERRA &#8211; CARBONEL , fabrications artisanales de Provence quasiment incontournables dans le cadre de la magie de no\u00ebl. <br><strong><a href=\"http:\/\/www.comptoirauxsantons.fr \">www.comptoirauxsantons.fr <br><\/a>Contact :<\/strong> 06.08.46.16.62 ou 06.78.53.37.25 &#8211; fixjeanclaude@gmail.com<\/p>\n\n\n\n<p class=\"wp-block-paragraph\">\u2728  <strong>Bonnets de no\u00ebl,&nbsp;boules&nbsp;\u00e0&nbsp;neige,&nbsp;casse&nbsp;noisette<\/strong><br>\ud83d\udccd Boutique \u00e9ph\u00e9m\u00e8re, 35 rue du sec Arembault, Lille<br><strong>Contact :<\/strong> rodriguedecroix@gmail.com<br><\/p>\n\n\n\n<p class=\"wp-block-paragraph\">\u2728 <strong>&nbsp;Bonnets de no\u00ebl <br><\/strong>Nous vous proposons des bonnets de toutes sortes et qualit\u00e9s diff\u00e9rentes, nos prix varient de 2\u20ac \u00e0 10\u20ac et s&rsquo;adaptent ainsi \u00e0 tous les budgets . Nos bonnets sont de tailles diff\u00e9rentes disponibles pour enfants et adultes.<br><strong>Contact : <\/strong>Bonnetdenoelfrance@gmail.com<\/p>\n\n\n\n<p class=\"wp-block-paragraph\"><strong>\u2728  D\u00e9corations de No\u00ebl , Bougies et Photophores <\/strong><br><strong>Contact : <\/strong>ledurre@aol.com<\/p>\n\n\n\n<p class=\"wp-block-paragraph\">\u2728 <strong> Rioo, la bougerie<\/strong><br>Bougies fabrication artisanales en forme de p\u00e2tisserie app\u00e9tissante : glaces, cupcake&#8230; Cr\u00e9ation \u00e0 l aide d une poche \u00e0 douille tel un p\u00e2tissier glacier. Bougies parfumantes sans \u00eatre allum\u00e9es. A consummer sans mod\u00e9rations.<br><strong>Contact :<\/strong> dimitriolesinski@gmail.com<\/p>\n\n\n\n<p class=\"wp-block-paragraph\">\u2728 <strong> BMam&rsquo;zelle Pop-Up &#8211; Cartes&nbsp;de&nbsp;voeux&nbsp;&#8211;&nbsp;Pop&nbsp;Up<\/strong><br>BMam&rsquo;zelle Pop-Up vous propose des cartes de voeux en pop-up avec un effet 3D quand on ouvre la carte ainsi que des d\u00e9corations en kirigami (art du papier d\u00e9coup\u00e9). <br><strong><a href=\"http:\/\/www.mamzellepop-up.com \">www.mamzellepop-up.com<\/a> &nbsp;&#8211;&nbsp;<\/strong>Livraison gratuite d\u00e8s 30\u20ac d&rsquo;achat. Atelier sur mesure pour les faire-part de mariage, naissance et voeux d&rsquo;entreprise.<br><strong>Contact : <\/strong>contact@mamzellepop-up.com<\/p>\n\n\n\n<p class=\"wp-block-paragraph\">\u2728  <strong>Le jardin d&rsquo;Eole <\/strong><br>Le jardin d&rsquo;Eole vous propose des mobiles en inox et des accessoires \u00e0 suspendre dans le jardin ou la maison. Un univers \u00e9pur\u00e9, \u00e9l\u00e9gant ou haut en couleurs ! Retrouvez nous dans notre boutique \u00e9ph\u00e9m\u00e8re situ\u00e9e au 10 rue Lepelletier 59000 Lille.<br><a rel=\"noreferrer noopener\" href=\"http:\/\/lejardindeole.fr\/\" target=\"_blank\"><strong>www.lejardindeole.fr<\/strong><\/a><br><strong>Contact : <\/strong>03.20.33.28.81 contact@lejardindeolenfr <\/p>\n\n\n\n<p class=\"wp-block-paragraph\">\u2728  <strong>Discodeco<\/strong><br>Procurez vous le cadeau original, artisanal, originale et vintage. <br>Discodeco, ce sont deux cr\u00e9ateurs qui recyclent de vieux vinyles cass\u00e9s, ou ray\u00e9s en les d\u00e9coupants \u00e0 la scie \u00e0 chantourn\u00e9e pour cr\u00e9er des mod\u00e8les authentiques : + de 300 mod\u00e8les allant de silhouettes d&rsquo;animaux, au cin\u00e9ma, des lieux aux artistes, passant par les instruments de musique, le sport mais aussi les v\u00e9hicules&#8230; Il y en a pour tous les go\u00fbts !<br><strong>Facebook : <\/strong><a href=\"https:\/\/www.facebook.com\/Discdeco\">@discodeco<\/a><br><strong>Contact :<\/strong> discodeco.max@gmail.com <br><\/p>\n\n\n\n<p class=\"wp-block-paragraph\">\u2728  <strong>Bambou&rsquo;tik&nbsp;<\/strong><br>Fabrication artisanale de divers objets en bambou : lampes, br\u00fbleurs d&rsquo;encens, stylos, bambous speakers, jardini\u00e8res et autres pr\u00e9sentoirs pour plantes grasses et cactus. Tous les bambous utilis\u00e9s proviennent de nos plantations dans les Pyr\u00e9n\u00e9es orientales.<br><strong>Contact :<\/strong> lapouleperchee@yahoo.fr &#8211; 06.30.90.19.72<br><\/p>\n\n\n\n<div style=\"height:40px\" aria-hidden=\"true\" class=\"wp-block-spacer\"><\/div>\n\n\n\n<figure class=\"wp-block-image\"><img loading=\"lazy\" decoding=\"async\" width=\"675\" height=\"150\" src=\"http:\/\/preprod.noel-a-lille.com\/www\/wp-content\/uploads\/2020\/11\/bienetre.jpg\" alt=\"\" class=\"wp-image-461\" srcset=\"https:\/\/noel-a-lille.com\/wp-content\/uploads\/2020\/11\/bienetre.jpg 675w, https:\/\/noel-a-lille.com\/wp-content\/uploads\/2020\/11\/bienetre-300x67.jpg 300w\" sizes=\"(max-width: 675px) 100vw, 675px\" \/><\/figure>\n\n\n\n<p class=\"wp-block-paragraph\">\u2728   <strong>Huiles essentielles Bio et accessoires \u00d4mSens<\/strong><br>Huiles essentielles bio et m\u00e9langes d&rsquo;aromath\u00e9rapie disponibles en coffrest cadeaux. Retrouvez \u00e9galement nos bijoux diffuseurs pour profiter de parfums d&rsquo;int\u00e9rieur originaux, des parfums bien-\u00eatre aux huiles essentielles et d&rsquo;autres produits naturels, bio et locaux \u00e0 base d&rsquo;huiles essentielles.<br><a rel=\"noreferrer noopener\" href=\"http:\/\/www.omsens.fr\" target=\"_blank\"><strong>www.omsens.fr<\/strong><\/a><br><strong>Contact :<\/strong> marion@omsens.fr <br><\/p>\n\n\n\n<div style=\"height:48px\" aria-hidden=\"true\" class=\"wp-block-spacer\"><\/div>\n\n\n\n<figure class=\"wp-block-image\"><img loading=\"lazy\" decoding=\"async\" width=\"675\" height=\"150\" src=\"http:\/\/preprod.noel-a-lille.com\/www\/wp-content\/uploads\/2020\/11\/svrdenosregions.jpg\" alt=\"\" class=\"wp-image-462\" srcset=\"https:\/\/noel-a-lille.com\/wp-content\/uploads\/2020\/11\/svrdenosregions.jpg 675w, https:\/\/noel-a-lille.com\/wp-content\/uploads\/2020\/11\/svrdenosregions-300x67.jpg 300w\" sizes=\"(max-width: 675px) 100vw, 675px\" \/><\/figure>\n\n\n\n<p class=\"wp-block-paragraph\"><strong>\u2728   Chalet de souvenirs de la r\u00e9gion Hauts de France<br><\/strong>Nous vous proposons un large choix de souvenirs r\u00e9gionaux : magnet, mug, boule de no\u00ebl, boule \u00e0 neige, porte cl\u00e9s, \u00e9cussons, papeterie, carterie, drapeaux, verre \u00e0 bi\u00e8re, savons&#8230; Nos articles sont choisis avec soin et d\u00e9cor\u00e9s et\/ou r\u00e9alis\u00e9s dans la mesure du possible en France.<br><a href=\"http:\/\/www.quinquinette.com \">www.quinquinette.com <\/a><br><strong>Facebook : <\/strong><a href=\"https:\/\/www.facebook.com\/boutiquequinquinette\">@BoutiqueQuinquinette <\/a><\/p>\n\n\n\n<p class=\"wp-block-paragraph\"><strong>\u2728   Wim<\/strong><br>Les affiches de vos chez vous sont ici ! Affiches s\u00e9rigraphi\u00e9es des villes de la r\u00e9gion et de France. Fabrication 100% nordiste<br>\ud83d\udccd Boutique \u00e9ph\u00e9m\u00e8re, 17 rue de la Bourse, Lille<br><a href=\"http:\/\/www.wim-shop.fr\">www.wim-shop.fr<\/a><\/p>\n\n\n\n<p class=\"wp-block-paragraph\"><strong>\u2728 Atelier Coton <\/strong><br>Nous sommes un atelier de s\u00e9rigraphie artisanal et \u00e9co-responsable ! Toutes nos cr\u00e9ations sont exclusives, imprim\u00e9es \u00e0 la main en s\u00e9rigraphie dans notre atelier sur des supports en coton certifi\u00e9s biologique ! Tote bags, cabas, pochettes, pr\u00eat \u00e0 porter&#8230;. venez d\u00e9couvrir notre gamme d&rsquo;accessoire de mode 100% responsable et Made in France !<br><a rel=\"noreferrer noopener\" href=\"http:\/\/www.ateliercoton.com\" target=\"_blank\"><strong>www.ateliercoton.com<\/strong><\/a><br><strong>Contact : <\/strong>romain@ateliercoton.com<\/p>\n\n\n\n<div style=\"height:48px\" aria-hidden=\"true\" class=\"wp-block-spacer\"><\/div>\n\n\n\n<figure class=\"wp-block-image\"><img loading=\"lazy\" decoding=\"async\" width=\"675\" height=\"150\" src=\"http:\/\/preprod.noel-a-lille.com\/www\/wp-content\/uploads\/2020\/11\/vetementschauds.jpg\" alt=\"\" class=\"wp-image-463\" srcset=\"https:\/\/noel-a-lille.com\/wp-content\/uploads\/2020\/11\/vetementschauds.jpg 675w, https:\/\/noel-a-lille.com\/wp-content\/uploads\/2020\/11\/vetementschauds-300x67.jpg 300w\" sizes=\"(max-width: 675px) 100vw, 675px\" \/><\/figure>\n\n\n\n<p class=\"wp-block-paragraph\"><strong>\u2728   Mademoiselle Lili plume<br><\/strong>Mademoiselle Lili Plume est une boutique itin\u00e9rante qui propose des articles tels que les bonnets , toques , chapeaux, gants , cols , gilets , capes, manteaux, le tout en fourrure synth\u00e9tique et v\u00e9ritable. Et pendant le reste de l\u2019ann\u00e9e des chaussures pour vous mesdames.<br><strong>Facebook&nbsp;:&nbsp;<a href=\"https:\/\/www.facebook.com\/Mademoiselle-Lili-Plume-676572355780538\/?ref=page_internal\">@<\/a><\/strong><a href=\"https:\/\/www.facebook.com\/Mademoiselle-Lili-Plume-676572355780538\/?ref=page_internal\">MademoiselleLiliPlume<\/a><br><strong>Instagram : <\/strong><a href=\"https:\/\/www.instagram.com\/mademoiselleliliplume\/\">@mademoiselleliliplume<\/a><br><strong>Contact : <\/strong>loriercc@gmail.com &#8211; 06.23.12.59.87 <\/p>\n\n\n\n<p class=\"wp-block-paragraph\"><strong>\u2728   Le&nbsp;chalet&nbsp;des&nbsp;chaussettes&nbsp;\u00ab\u00a0C&rsquo;est&nbsp;l&rsquo;pied\u00a0\u00bb<\/strong><br>Sp\u00e9cialistes de la chaussette sur les march\u00e9s de no\u00ebl depuis 6 ans. Vous trouverez : des chaussettes fantaisies en coton de qualit\u00e9s pour toutes les pointures, des chaussettes de maison anti-d\u00e9rapantes pour toutes les pointures, des sacs \u00e0 dos animaux pour enfants, le tout dans un univers super color\u00e9 et rigolo.<br><a href=\"http:\/\/www.cestlpied.fr\"><strong>www.cestlpied.fr<\/strong><\/a><br><strong>Contact : <\/strong>cestlpied@yahoo.com<\/p>\n\n\n\n<p class=\"wp-block-paragraph\"><strong>\u2728 Alaskan<\/strong><br>Chaussons doux et chauds en laine naturelle et mouton retourn\u00e9 pour toute la famille&#8230;<br><strong>Contact :<\/strong> contact.alaskan@gmail.com<\/p>\n\n\n\n<p class=\"wp-block-paragraph\"><strong>\u2728 Plaids&nbsp;Cocooning<\/strong><br>PLAIDS COCOONING est une marque familiale de Roubaix qui s&rsquo;inspire des tendances actuelles pour concevoir du linge de maison pour tribus contemporaines. Proposant diff\u00e9rentes gammes de plaids mariant douceur, chaleur et style.<br><a href=\"http:\/\/www.plaidscocooning.com\">www.plaidscocooning.com<br><\/a><strong>Contact : <\/strong>contact@plaidscocooning.com<br><\/p>","protected":false},"excerpt":{"rendered":"<p>\u00c0 d\u00e9faut de vous accueillir physiquement, vos artisans viennent \u00e0 vous et sont \u00e0 votre disposition pour tous vos cadeaux de No\u00ebl ! <\/p>","protected":false},"author":1,"featured_media":530,"comment_status":"open","ping_status":"open","sticky":false,"template":"","format":"standard","meta":{"saved_in_kubio":false,"footnotes":""},"categories":[6],"tags":[],"class_list":["post-180","post","type-post","status-publish","format-standard","has-post-thumbnail","hentry","category-actus"],"yoast_head":"<!-- This site is optimized with the Yoast SEO plugin v28.4 - https:\/\/yoast.com\/product\/yoast-seo-wordpress\/ -->\n<title>\u00c9dition 2020 annul\u00e9e - Retrouvez vos artisans du Village de No\u00ebl - Village de No\u00ebl de Lille<\/title>\n<meta name=\"robots\" content=\"index, follow, max-snippet:-1, max-image-preview:large, max-video-preview:-1\" \/>\n<link rel=\"canonical\" href=\"http:\/\/noel-a-lille.com\/en\/retrouvez-les-commercants-du-village-de-noel-2020\/\" \/>\n<meta property=\"og:locale\" content=\"en_US\" \/>\n<meta property=\"og:type\" content=\"article\" \/>\n<meta property=\"og:title\" content=\"\u00c9dition 2020 annul\u00e9e - Retrouvez vos artisans du Village de No\u00ebl - Village de No\u00ebl de Lille\" \/>\n<meta property=\"og:description\" content=\"\u00c0 d\u00e9faut de vous accueillir physiquement, vos artisans viennent \u00e0 vous et sont \u00e0 votre disposition pour tous vos cadeaux de No\u00ebl !\" \/>\n<meta property=\"og:url\" content=\"http:\/\/noel-a-lille.com\/en\/retrouvez-les-commercants-du-village-de-noel-2020\/\" \/>\n<meta property=\"og:site_name\" content=\"Village de No\u00ebl de Lille\" \/>\n<meta property=\"article:published_time\" content=\"2020-11-18T09:59:53+00:00\" \/>\n<meta property=\"article:modified_time\" content=\"2022-09-23T11:30:54+00:00\" \/>\n<meta property=\"og:image\" content=\"http:\/\/noel-a-lille.com\/wp-content\/uploads\/2021\/02\/VillageNoel-360-1140x760.jpg\" \/>\n\t<meta property=\"og:image:width\" content=\"1139\" \/>\n\t<meta property=\"og:image:height\" content=\"515\" \/>\n\t<meta property=\"og:image:type\" content=\"image\/jpeg\" \/>\n<meta name=\"author\" content=\"FLCAS\" \/>\n<meta name=\"twitter:card\" content=\"summary_large_image\" \/>\n<meta name=\"twitter:label1\" content=\"Written by\" \/>\n\t<meta name=\"twitter:data1\" content=\"FLCAS\" \/>\n\t<meta name=\"twitter:label2\" content=\"Est. reading time\" \/>\n\t<meta name=\"twitter:data2\" content=\"8 minutes\" \/>\n<script type=\"application\/ld+json\" class=\"yoast-schema-graph\">{\"@context\":\"https:\\\/\\\/schema.org\",\"@graph\":[{\"@type\":\"Article\",\"@id\":\"http:\\\/\\\/noel-a-lille.com\\\/retrouvez-les-commercants-du-village-de-noel-2020\\\/#article\",\"isPartOf\":{\"@id\":\"http:\\\/\\\/noel-a-lille.com\\\/retrouvez-les-commercants-du-village-de-noel-2020\\\/\"},\"author\":{\"name\":\"FLCAS\",\"@id\":\"http:\\\/\\\/noel-a-lille.com\\\/#\\\/schema\\\/person\\\/aab49807d0c2aba6a2a7749e9ad0b115\"},\"headline\":\"\u00c9dition 2020 annul\u00e9e &#8211; Retrouvez vos artisans du Village de No\u00ebl\",\"datePublished\":\"2020-11-18T09:59:53+00:00\",\"dateModified\":\"2022-09-23T11:30:54+00:00\",\"mainEntityOfPage\":{\"@id\":\"http:\\\/\\\/noel-a-lille.com\\\/retrouvez-les-commercants-du-village-de-noel-2020\\\/\"},\"wordCount\":1709,\"commentCount\":0,\"publisher\":{\"@id\":\"http:\\\/\\\/noel-a-lille.com\\\/#organization\"},\"image\":{\"@id\":\"http:\\\/\\\/noel-a-lille.com\\\/retrouvez-les-commercants-du-village-de-noel-2020\\\/#primaryimage\"},\"thumbnailUrl\":\"https:\\\/\\\/noel-a-lille.com\\\/wp-content\\\/uploads\\\/2021\\\/02\\\/VillageNoel-360-1140x760.jpg\",\"articleSection\":[\"ACTUALIT\u00c9\"],\"inLanguage\":\"en-US\",\"potentialAction\":[{\"@type\":\"CommentAction\",\"name\":\"Comment\",\"target\":[\"http:\\\/\\\/noel-a-lille.com\\\/retrouvez-les-commercants-du-village-de-noel-2020\\\/#respond\"]}]},{\"@type\":\"WebPage\",\"@id\":\"http:\\\/\\\/noel-a-lille.com\\\/retrouvez-les-commercants-du-village-de-noel-2020\\\/\",\"url\":\"http:\\\/\\\/noel-a-lille.com\\\/retrouvez-les-commercants-du-village-de-noel-2020\\\/\",\"name\":\"\u00c9dition 2020 annul\u00e9e - Retrouvez vos artisans du Village de No\u00ebl - Village de No\u00ebl de Lille\",\"isPartOf\":{\"@id\":\"http:\\\/\\\/noel-a-lille.com\\\/#website\"},\"primaryImageOfPage\":{\"@id\":\"http:\\\/\\\/noel-a-lille.com\\\/retrouvez-les-commercants-du-village-de-noel-2020\\\/#primaryimage\"},\"image\":{\"@id\":\"http:\\\/\\\/noel-a-lille.com\\\/retrouvez-les-commercants-du-village-de-noel-2020\\\/#primaryimage\"},\"thumbnailUrl\":\"https:\\\/\\\/noel-a-lille.com\\\/wp-content\\\/uploads\\\/2021\\\/02\\\/VillageNoel-360-1140x760.jpg\",\"datePublished\":\"2020-11-18T09:59:53+00:00\",\"dateModified\":\"2022-09-23T11:30:54+00:00\",\"breadcrumb\":{\"@id\":\"http:\\\/\\\/noel-a-lille.com\\\/retrouvez-les-commercants-du-village-de-noel-2020\\\/#breadcrumb\"},\"inLanguage\":\"en-US\",\"potentialAction\":[{\"@type\":\"ReadAction\",\"target\":[\"http:\\\/\\\/noel-a-lille.com\\\/retrouvez-les-commercants-du-village-de-noel-2020\\\/\"]}]},{\"@type\":\"ImageObject\",\"inLanguage\":\"en-US\",\"@id\":\"http:\\\/\\\/noel-a-lille.com\\\/retrouvez-les-commercants-du-village-de-noel-2020\\\/#primaryimage\",\"url\":\"https:\\\/\\\/noel-a-lille.com\\\/wp-content\\\/uploads\\\/2021\\\/02\\\/VillageNoel-360-1140x760.jpg\",\"contentUrl\":\"https:\\\/\\\/noel-a-lille.com\\\/wp-content\\\/uploads\\\/2021\\\/02\\\/VillageNoel-360-1140x760.jpg\",\"width\":1139,\"height\":515,\"caption\":\"village de noel lille\"},{\"@type\":\"BreadcrumbList\",\"@id\":\"http:\\\/\\\/noel-a-lille.com\\\/retrouvez-les-commercants-du-village-de-noel-2020\\\/#breadcrumb\",\"itemListElement\":[{\"@type\":\"ListItem\",\"position\":1,\"name\":\"Accueil\",\"item\":\"http:\\\/\\\/noel-a-lille.com\\\/\"},{\"@type\":\"ListItem\",\"position\":2,\"name\":\"\u00c9dition 2020 annul\u00e9e &#8211; Retrouvez vos artisans du Village de No\u00ebl\"}]},{\"@type\":\"WebSite\",\"@id\":\"http:\\\/\\\/noel-a-lille.com\\\/#website\",\"url\":\"http:\\\/\\\/noel-a-lille.com\\\/\",\"name\":\"Village de No\u00ebl de Lille\",\"description\":\"La magie de No\u00ebl \u00e0 Lille\",\"publisher\":{\"@id\":\"http:\\\/\\\/noel-a-lille.com\\\/#organization\"},\"potentialAction\":[{\"@type\":\"SearchAction\",\"target\":{\"@type\":\"EntryPoint\",\"urlTemplate\":\"http:\\\/\\\/noel-a-lille.com\\\/?s={search_term_string}\"},\"query-input\":{\"@type\":\"PropertyValueSpecification\",\"valueRequired\":true,\"valueName\":\"search_term_string\"}}],\"inLanguage\":\"en-US\"},{\"@type\":\"Organization\",\"@id\":\"http:\\\/\\\/noel-a-lille.com\\\/#organization\",\"name\":\"Village de No\u00ebl de Lille\",\"url\":\"http:\\\/\\\/noel-a-lille.com\\\/\",\"logo\":{\"@type\":\"ImageObject\",\"inLanguage\":\"en-US\",\"@id\":\"http:\\\/\\\/noel-a-lille.com\\\/#\\\/schema\\\/logo\\\/image\\\/\",\"url\":\"https:\\\/\\\/noel-a-lille.com\\\/wp-content\\\/uploads\\\/2026\\\/07\\\/logo-vdn-couleur-sans-attache.png\",\"contentUrl\":\"https:\\\/\\\/noel-a-lille.com\\\/wp-content\\\/uploads\\\/2026\\\/07\\\/logo-vdn-couleur-sans-attache.png\",\"width\":893,\"height\":822,\"caption\":\"Village de No\u00ebl de Lille\"},\"image\":{\"@id\":\"http:\\\/\\\/noel-a-lille.com\\\/#\\\/schema\\\/logo\\\/image\\\/\"},\"sameAs\":[\"https:\\\/\\\/www.instagram.com\\\/villagedenoeldelille\\\/\"]},{\"@type\":\"Person\",\"@id\":\"http:\\\/\\\/noel-a-lille.com\\\/#\\\/schema\\\/person\\\/aab49807d0c2aba6a2a7749e9ad0b115\",\"name\":\"FLCAS\",\"image\":{\"@type\":\"ImageObject\",\"inLanguage\":\"en-US\",\"@id\":\"https:\\\/\\\/secure.gravatar.com\\\/avatar\\\/bfb9c38db73a92ba9c5398970fc38fd55695f27b6352f85b511a7101d1e76dad?s=96&d=mm&r=g\",\"url\":\"https:\\\/\\\/secure.gravatar.com\\\/avatar\\\/bfb9c38db73a92ba9c5398970fc38fd55695f27b6352f85b511a7101d1e76dad?s=96&d=mm&r=g\",\"contentUrl\":\"https:\\\/\\\/secure.gravatar.com\\\/avatar\\\/bfb9c38db73a92ba9c5398970fc38fd55695f27b6352f85b511a7101d1e76dad?s=96&d=mm&r=g\",\"caption\":\"FLCAS\"},\"url\":\"https:\\\/\\\/noel-a-lille.com\\\/en\\\/author\\\/flcas\\\/\"}]}<\/script>\n<!-- \/ Yoast SEO plugin. -->","yoast_head_json":{"title":"\u00c9dition 2020 annul\u00e9e - Retrouvez vos artisans du Village de No\u00ebl - Village de No\u00ebl de Lille","robots":{"index":"index","follow":"follow","max-snippet":"max-snippet:-1","max-image-preview":"max-image-preview:large","max-video-preview":"max-video-preview:-1"},"canonical":"http:\/\/noel-a-lille.com\/en\/retrouvez-les-commercants-du-village-de-noel-2020\/","og_locale":"en_US","og_type":"article","og_title":"\u00c9dition 2020 annul\u00e9e - Retrouvez vos artisans du Village de No\u00ebl - Village de No\u00ebl de Lille","og_description":"\u00c0 d\u00e9faut de vous accueillir physiquement, vos artisans viennent \u00e0 vous et sont \u00e0 votre disposition pour tous vos cadeaux de No\u00ebl !","og_url":"http:\/\/noel-a-lille.com\/en\/retrouvez-les-commercants-du-village-de-noel-2020\/","og_site_name":"Village de No\u00ebl de Lille","article_published_time":"2020-11-18T09:59:53+00:00","article_modified_time":"2022-09-23T11:30:54+00:00","og_image":[{"width":1139,"height":515,"url":"http:\/\/noel-a-lille.com\/wp-content\/uploads\/2021\/02\/VillageNoel-360-1140x760.jpg","type":"image\/jpeg"}],"author":"FLCAS","twitter_card":"summary_large_image","twitter_misc":{"Written by":"FLCAS","Est. reading time":"8 minutes"},"schema":{"@context":"https:\/\/schema.org","@graph":[{"@type":"Article","@id":"http:\/\/noel-a-lille.com\/retrouvez-les-commercants-du-village-de-noel-2020\/#article","isPartOf":{"@id":"http:\/\/noel-a-lille.com\/retrouvez-les-commercants-du-village-de-noel-2020\/"},"author":{"name":"FLCAS","@id":"http:\/\/noel-a-lille.com\/#\/schema\/person\/aab49807d0c2aba6a2a7749e9ad0b115"},"headline":"\u00c9dition 2020 annul\u00e9e &#8211; Retrouvez vos artisans du Village de No\u00ebl","datePublished":"2020-11-18T09:59:53+00:00","dateModified":"2022-09-23T11:30:54+00:00","mainEntityOfPage":{"@id":"http:\/\/noel-a-lille.com\/retrouvez-les-commercants-du-village-de-noel-2020\/"},"wordCount":1709,"commentCount":0,"publisher":{"@id":"http:\/\/noel-a-lille.com\/#organization"},"image":{"@id":"http:\/\/noel-a-lille.com\/retrouvez-les-commercants-du-village-de-noel-2020\/#primaryimage"},"thumbnailUrl":"https:\/\/noel-a-lille.com\/wp-content\/uploads\/2021\/02\/VillageNoel-360-1140x760.jpg","articleSection":["ACTUALIT\u00c9"],"inLanguage":"en-US","potentialAction":[{"@type":"CommentAction","name":"Comment","target":["http:\/\/noel-a-lille.com\/retrouvez-les-commercants-du-village-de-noel-2020\/#respond"]}]},{"@type":"WebPage","@id":"http:\/\/noel-a-lille.com\/retrouvez-les-commercants-du-village-de-noel-2020\/","url":"http:\/\/noel-a-lille.com\/retrouvez-les-commercants-du-village-de-noel-2020\/","name":"\u00c9dition 2020 annul\u00e9e - Retrouvez vos artisans du Village de No\u00ebl - Village de No\u00ebl de Lille","isPartOf":{"@id":"http:\/\/noel-a-lille.com\/#website"},"primaryImageOfPage":{"@id":"http:\/\/noel-a-lille.com\/retrouvez-les-commercants-du-village-de-noel-2020\/#primaryimage"},"image":{"@id":"http:\/\/noel-a-lille.com\/retrouvez-les-commercants-du-village-de-noel-2020\/#primaryimage"},"thumbnailUrl":"https:\/\/noel-a-lille.com\/wp-content\/uploads\/2021\/02\/VillageNoel-360-1140x760.jpg","datePublished":"2020-11-18T09:59:53+00:00","dateModified":"2022-09-23T11:30:54+00:00","breadcrumb":{"@id":"http:\/\/noel-a-lille.com\/retrouvez-les-commercants-du-village-de-noel-2020\/#breadcrumb"},"inLanguage":"en-US","potentialAction":[{"@type":"ReadAction","target":["http:\/\/noel-a-lille.com\/retrouvez-les-commercants-du-village-de-noel-2020\/"]}]},{"@type":"ImageObject","inLanguage":"en-US","@id":"http:\/\/noel-a-lille.com\/retrouvez-les-commercants-du-village-de-noel-2020\/#primaryimage","url":"https:\/\/noel-a-lille.com\/wp-content\/uploads\/2021\/02\/VillageNoel-360-1140x760.jpg","contentUrl":"https:\/\/noel-a-lille.com\/wp-content\/uploads\/2021\/02\/VillageNoel-360-1140x760.jpg","width":1139,"height":515,"caption":"village de noel lille"},{"@type":"BreadcrumbList","@id":"http:\/\/noel-a-lille.com\/retrouvez-les-commercants-du-village-de-noel-2020\/#breadcrumb","itemListElement":[{"@type":"ListItem","position":1,"name":"Accueil","item":"http:\/\/noel-a-lille.com\/"},{"@type":"ListItem","position":2,"name":"\u00c9dition 2020 annul\u00e9e &#8211; Retrouvez vos artisans du Village de No\u00ebl"}]},{"@type":"WebSite","@id":"http:\/\/noel-a-lille.com\/#website","url":"http:\/\/noel-a-lille.com\/","name":"Lille Christmas Market","description":"The magic of Christmas in Lille","publisher":{"@id":"http:\/\/noel-a-lille.com\/#organization"},"potentialAction":[{"@type":"SearchAction","target":{"@type":"EntryPoint","urlTemplate":"http:\/\/noel-a-lille.com\/?s={search_term_string}"},"query-input":{"@type":"PropertyValueSpecification","valueRequired":true,"valueName":"search_term_string"}}],"inLanguage":"en-US"},{"@type":"Organization","@id":"http:\/\/noel-a-lille.com\/#organization","name":"Lille Christmas Market","url":"http:\/\/noel-a-lille.com\/","logo":{"@type":"ImageObject","inLanguage":"en-US","@id":"http:\/\/noel-a-lille.com\/#\/schema\/logo\/image\/","url":"https:\/\/noel-a-lille.com\/wp-content\/uploads\/2026\/07\/logo-vdn-couleur-sans-attache.png","contentUrl":"https:\/\/noel-a-lille.com\/wp-content\/uploads\/2026\/07\/logo-vdn-couleur-sans-attache.png","width":893,"height":822,"caption":"Village de No\u00ebl de Lille"},"image":{"@id":"http:\/\/noel-a-lille.com\/#\/schema\/logo\/image\/"},"sameAs":["https:\/\/www.instagram.com\/villagedenoeldelille\/"]},{"@type":"Person","@id":"http:\/\/noel-a-lille.com\/#\/schema\/person\/aab49807d0c2aba6a2a7749e9ad0b115","name":"FLCAS","image":{"@type":"ImageObject","inLanguage":"en-US","@id":"https:\/\/secure.gravatar.com\/avatar\/bfb9c38db73a92ba9c5398970fc38fd55695f27b6352f85b511a7101d1e76dad?s=96&d=mm&r=g","url":"https:\/\/secure.gravatar.com\/avatar\/bfb9c38db73a92ba9c5398970fc38fd55695f27b6352f85b511a7101d1e76dad?s=96&d=mm&r=g","contentUrl":"https:\/\/secure.gravatar.com\/avatar\/bfb9c38db73a92ba9c5398970fc38fd55695f27b6352f85b511a7101d1e76dad?s=96&d=mm&r=g","caption":"FLCAS"},"url":"https:\/\/noel-a-lille.com\/en\/author\/flcas\/"}]}},"_links":{"self":[{"href":"https:\/\/noel-a-lille.com\/en\/wp-json\/wp\/v2\/posts\/180","targetHints":{"allow":["GET"]}}],"collection":[{"href":"https:\/\/noel-a-lille.com\/en\/wp-json\/wp\/v2\/posts"}],"about":[{"href":"https:\/\/noel-a-lille.com\/en\/wp-json\/wp\/v2\/types\/post"}],"author":[{"embeddable":true,"href":"https:\/\/noel-a-lille.com\/en\/wp-json\/wp\/v2\/users\/1"}],"replies":[{"embeddable":true,"href":"https:\/\/noel-a-lille.com\/en\/wp-json\/wp\/v2\/comments?post=180"}],"version-history":[{"count":131,"href":"https:\/\/noel-a-lille.com\/en\/wp-json\/wp\/v2\/posts\/180\/revisions"}],"predecessor-version":[{"id":1538,"href":"https:\/\/noel-a-lille.com\/en\/wp-json\/wp\/v2\/posts\/180\/revisions\/1538"}],"wp:featuredmedia":[{"embeddable":true,"href":"https:\/\/noel-a-lille.com\/en\/wp-json\/wp\/v2\/media\/530"}],"wp:attachment":[{"href":"https:\/\/noel-a-lille.com\/en\/wp-json\/wp\/v2\/media?parent=180"}],"wp:term":[{"taxonomy":"category","embeddable":true,"href":"https:\/\/noel-a-lille.com\/en\/wp-json\/wp\/v2\/categories?post=180"},{"taxonomy":"post_tag","embeddable":true,"href":"https:\/\/noel-a-lille.com\/en\/wp-json\/wp\/v2\/tags?post=180"}],"curies":[{"name":"Well played","href":"https:\/\/api.w.org\/{rel}","templated":true}]}}