{"id":1368,"date":"2022-03-17T12:56:51","date_gmt":"2022-03-17T11:56:51","guid":{"rendered":"http:\/\/noel-a-lille.com\/?p=1368"},"modified":"2022-09-23T13:30:06","modified_gmt":"2022-09-23T11:30:06","slug":"lenvers-du-decor-le-montage-du-marche-de-noel-de-lille","status":"publish","type":"post","link":"https:\/\/noel-a-lille.com\/en\/lenvers-du-decor-le-montage-du-marche-de-noel-de-lille\/","title":{"rendered":"L&rsquo;envers du d\u00e9cor : le montage du March\u00e9 de No\u00ebl de Lille"},"content":{"rendered":"<div style=\"height:76px\" aria-hidden=\"true\" class=\"wp-block-spacer\"><\/div>\n\n\n\n<h2 class=\"wp-block-heading\">Le march\u00e9 de No\u00ebl de Lille : c&rsquo;est toute une organisation ! <\/h2>\n\n\n\n<div style=\"height:41px\" aria-hidden=\"true\" class=\"wp-block-spacer\"><\/div>\n\n\n\n<p class=\"wp-block-paragraph\">Le march\u00e9 de No\u00ebl de Lille, vous le connaissez. Vous \u00eates venus le d\u00e9couvrir un jour pour la premi\u00e8re fois, puis vous \u00eates revenus. Vous avez admir\u00e9 les d\u00e9corations lumineuses, vous avez d\u00e9gust\u00e9 un bon vin chaud, vous avez profit\u00e9 des animations. Bref, vous avez pass\u00e9 un super moment.<\/p>\n\n\n\n<div style=\"height:32px\" aria-hidden=\"true\" class=\"wp-block-spacer\"><\/div>\n\n\n\n<p class=\"wp-block-paragraph\">Mais ce que vous ne savez pas ou que vous ne voyez pas, c&rsquo;est l&rsquo;envers du d\u00e9cor. <strong>Pour avoir un si beau march\u00e9 de No\u00ebl, il faut bien des jours et des heures pour le mettre en place ! <\/strong>Et chaque ann\u00e9e depuis maintenant plus de 30 ans, c&rsquo;est toute une organisation des mois en amont de l&rsquo;\u00e9v\u00e8nement pour s&rsquo;assurer d&rsquo;ouvrir dans les meilleures conditions. <\/p>\n\n\n\n<div style=\"height:26px\" aria-hidden=\"true\" class=\"wp-block-spacer\"><\/div>\n\n\n\n<p class=\"wp-block-paragraph\">C&rsquo;est l&rsquo;\u00e9quipe de la F\u00e9d\u00e9ration Lilloise du Commerce qui organise l&rsquo;\u00e9v\u00e8nement, 5 personnes en tout (et oui seulement !). Elle se charge de <strong>la r\u00e9alisation du plan du march\u00e9 de No\u00ebl<\/strong>, <strong>de la s\u00e9lection des exposants<\/strong> parmi plus d&rsquo;une centaine de dossiers de candidatures, <strong>du<\/strong> <strong>plan de communication<\/strong> pour annoncer l&rsquo;\u00e9v\u00e9nement et <strong>du programme d&rsquo;animations.<\/strong>&nbsp;Mais&nbsp;\u00e9galement de<strong> l&rsquo;arriv\u00e9e des chalets sur la Place Rihour<\/strong> avec notre soci\u00e9t\u00e9 partenaire et de leur montage (et oui ils n&rsquo;arrivent pas en \u00e9tant d\u00e9j\u00e0 mont\u00e9s!),<strong> de l&rsquo;installation des \u00e9clairages<\/strong> avec une autre soci\u00e9t\u00e9 partenaire et <strong>des d\u00e9corations.<\/strong><\/p>\n\n\n\n<div style=\"height:24px\" aria-hidden=\"true\" class=\"wp-block-spacer\"><\/div>\n\n\n\n<p class=\"wp-block-paragraph\">Et avec toute cette organisation, on peut enfin commencer le montage du Village de No\u00ebl de Lille.  <\/p>\n\n\n\n<div style=\"height:51px\" aria-hidden=\"true\" class=\"wp-block-spacer\"><\/div>\n\n\n\n<ul class=\"wp-block-gallery columns-2 is-cropped wp-block-gallery-1 is-layout-flex wp-block-gallery-is-layout-flex\"><li class=\"blocks-gallery-item\"><figure><img loading=\"lazy\" decoding=\"async\" width=\"1024\" height=\"573\" src=\"http:\/\/noel-a-lille.com\/wp-content\/uploads\/2022\/03\/Capture-d\u2019\u00e9cran-2022-03-16-\u00e0-10.28.18-1024x573.png\" alt=\"\" data-id=\"1392\" data-link=\"http:\/\/noel-a-lille.com\/?attachment_id=1392\" class=\"wp-image-1392\" srcset=\"https:\/\/noel-a-lille.com\/wp-content\/uploads\/2022\/03\/Capture-d\u2019\u00e9cran-2022-03-16-\u00e0-10.28.18-1024x573.png 1024w, https:\/\/noel-a-lille.com\/wp-content\/uploads\/2022\/03\/Capture-d\u2019\u00e9cran-2022-03-16-\u00e0-10.28.18-300x168.png 300w, https:\/\/noel-a-lille.com\/wp-content\/uploads\/2022\/03\/Capture-d\u2019\u00e9cran-2022-03-16-\u00e0-10.28.18-768x429.png 768w, https:\/\/noel-a-lille.com\/wp-content\/uploads\/2022\/03\/Capture-d\u2019\u00e9cran-2022-03-16-\u00e0-10.28.18-1140x638.png 1140w\" sizes=\"(max-width: 1024px) 100vw, 1024px\" \/><\/figure><\/li><li class=\"blocks-gallery-item\"><figure><img loading=\"lazy\" decoding=\"async\" width=\"1024\" height=\"595\" src=\"http:\/\/noel-a-lille.com\/wp-content\/uploads\/2022\/03\/Capture-d\u2019\u00e9cran-2022-03-16-\u00e0-10.30.01-1024x595.png\" alt=\"\" data-id=\"1393\" data-link=\"http:\/\/noel-a-lille.com\/?attachment_id=1393\" class=\"wp-image-1393\" srcset=\"https:\/\/noel-a-lille.com\/wp-content\/uploads\/2022\/03\/Capture-d\u2019\u00e9cran-2022-03-16-\u00e0-10.30.01-1024x595.png 1024w, https:\/\/noel-a-lille.com\/wp-content\/uploads\/2022\/03\/Capture-d\u2019\u00e9cran-2022-03-16-\u00e0-10.30.01-300x174.png 300w, https:\/\/noel-a-lille.com\/wp-content\/uploads\/2022\/03\/Capture-d\u2019\u00e9cran-2022-03-16-\u00e0-10.30.01-768x446.png 768w, https:\/\/noel-a-lille.com\/wp-content\/uploads\/2022\/03\/Capture-d\u2019\u00e9cran-2022-03-16-\u00e0-10.30.01-1140x662.png 1140w\" sizes=\"(max-width: 1024px) 100vw, 1024px\" \/><\/figure><\/li><\/ul>\n\n\n\n<div style=\"height:79px\" aria-hidden=\"true\" class=\"wp-block-spacer\"><\/div>\n\n\n\n<h2 class=\"wp-block-heading\">Du montage \u00e0 l&rsquo;ouverture du Village de No\u00ebl de Lille<\/h2>\n\n\n\n<div style=\"height:45px\" aria-hidden=\"true\" class=\"wp-block-spacer\"><\/div>\n\n\n\n<p class=\"wp-block-paragraph\"><strong>7 jours de montage de chalets, d&rsquo;installations d&rsquo;\u00e9clairages et de d\u00e9corations.<\/strong>&nbsp;Tout cela pour vous permettre de passer un v\u00e9ritable moment magique au sein du Village de No\u00ebl de Lille.<\/p>\n\n\n\n<div style=\"height:20px\" aria-hidden=\"true\" class=\"wp-block-spacer\"><\/div>\n\n\n\n<p class=\"wp-block-paragraph\">On commence par le principal, sans quoi il n&rsquo;y aurait pas de march\u00e9 de No\u00ebl,<strong> le montage des chalets.<\/strong> Dans le m\u00eame temps, tous les branchements \u00e9lectriques se font pour faire fonctionner les lumi\u00e8res et ainsi avoir <strong>un beau march\u00e9 de No\u00ebl lumineux<\/strong> une fois la nuit tomb\u00e9e (un march\u00e9 de No\u00ebl dans le noir c&rsquo;est bof bof).<\/p>\n\n\n\n<div style=\"height:25px\" aria-hidden=\"true\" class=\"wp-block-spacer\"><\/div>\n\n\n\n<p class=\"wp-block-paragraph\">Et enfin, <strong>l&rsquo;installation de toute la d\u00e9coration<\/strong> (parce que sans d\u00e9co, c&rsquo;est pas joli) : notre fameux arc lumineux d&rsquo;entr\u00e9e, des arbres lumineux, des petits sapins, un carport pour les animations, des guirlandes etc.<\/p>\n\n\n\n<div style=\"height:42px\" aria-hidden=\"true\" class=\"wp-block-spacer\"><\/div>\n\n\n\n<ul class=\"wp-block-gallery columns-2 is-cropped wp-block-gallery-2 is-layout-flex wp-block-gallery-is-layout-flex\"><li class=\"blocks-gallery-item\"><figure><img loading=\"lazy\" decoding=\"async\" width=\"1024\" height=\"572\" src=\"http:\/\/noel-a-lille.com\/wp-content\/uploads\/2022\/03\/Capture-d\u2019\u00e9cran-2022-03-16-\u00e0-10.30.12-1024x572.png\" alt=\"\" data-id=\"1381\" data-link=\"http:\/\/noel-a-lille.com\/?attachment_id=1381\" class=\"wp-image-1381\" srcset=\"https:\/\/noel-a-lille.com\/wp-content\/uploads\/2022\/03\/Capture-d\u2019\u00e9cran-2022-03-16-\u00e0-10.30.12-1024x572.png 1024w, https:\/\/noel-a-lille.com\/wp-content\/uploads\/2022\/03\/Capture-d\u2019\u00e9cran-2022-03-16-\u00e0-10.30.12-300x168.png 300w, https:\/\/noel-a-lille.com\/wp-content\/uploads\/2022\/03\/Capture-d\u2019\u00e9cran-2022-03-16-\u00e0-10.30.12-768x429.png 768w, https:\/\/noel-a-lille.com\/wp-content\/uploads\/2022\/03\/Capture-d\u2019\u00e9cran-2022-03-16-\u00e0-10.30.12-1140x637.png 1140w\" sizes=\"(max-width: 1024px) 100vw, 1024px\" \/><\/figure><\/li><li class=\"blocks-gallery-item\"><figure><img loading=\"lazy\" decoding=\"async\" width=\"1024\" height=\"600\" src=\"http:\/\/noel-a-lille.com\/wp-content\/uploads\/2022\/03\/Capture-d\u2019\u00e9cran-2022-03-16-\u00e0-10.30.46-1024x600.png\" alt=\"\" data-id=\"1382\" data-link=\"http:\/\/noel-a-lille.com\/?attachment_id=1382\" class=\"wp-image-1382\" srcset=\"https:\/\/noel-a-lille.com\/wp-content\/uploads\/2022\/03\/Capture-d\u2019\u00e9cran-2022-03-16-\u00e0-10.30.46-1024x600.png 1024w, https:\/\/noel-a-lille.com\/wp-content\/uploads\/2022\/03\/Capture-d\u2019\u00e9cran-2022-03-16-\u00e0-10.30.46-300x176.png 300w, https:\/\/noel-a-lille.com\/wp-content\/uploads\/2022\/03\/Capture-d\u2019\u00e9cran-2022-03-16-\u00e0-10.30.46-768x450.png 768w, https:\/\/noel-a-lille.com\/wp-content\/uploads\/2022\/03\/Capture-d\u2019\u00e9cran-2022-03-16-\u00e0-10.30.46-1140x668.png 1140w\" sizes=\"(max-width: 1024px) 100vw, 1024px\" \/><\/figure><\/li><\/ul>\n\n\n\n<div style=\"height:52px\" aria-hidden=\"true\" class=\"wp-block-spacer\"><\/div>\n\n\n\n<p class=\"wp-block-paragraph\"><strong>Mais pour r\u00e9aliser le montage d&rsquo;un march\u00e9 de No\u00ebl en 7 jours, il faut une sacr\u00e9e \u00e9quipe (avec seulement 5 personnes \u00e7a serait compliqu\u00e9) !<\/strong><\/p>\n\n\n\n<div style=\"height:36px\" aria-hidden=\"true\" class=\"wp-block-spacer\"><\/div>\n\n\n\n<p class=\"wp-block-paragraph\">Chaque jour, de 7h \u00e0 presque 20h\/21h, l&rsquo;\u00e9quipe de la F\u00e9d\u00e9ration Lilloise du Commerce, les \u00e9quipes de nos soci\u00e9t\u00e9s partenaires et des int\u00e9rimaires, participent au montage des chalets et de toutes les installations n\u00e9cessaires pour le bon fonctionnement du march\u00e9 de No\u00ebl. Et \u00e7a c&rsquo;est du boulot !<\/p>\n\n\n\n<div style=\"height:22px\" aria-hidden=\"true\" class=\"wp-block-spacer\"><\/div>\n\n\n\n<p class=\"wp-block-paragraph\">Enfin, si sans chalets on ne fait pas de march\u00e9 de No\u00ebl, on en fait encore moins sans exposants ! Une fois les chalets mont\u00e9s, les exposants arrivent peu \u00e0 peu, d\u00e9couvrent leur chalet, se mettent \u00e0 le d\u00e9corer et \u00e0 installer leurs produits. <a href=\"http:\/\/noel-a-lille.com\/en\/les-artisans\/\" target=\"_blank\" rel=\"noreferrer noopener\" aria-label=\"D\u00e9couvrez les chalets pr\u00e9sents sur le Village de No\u00ebl (s\u2019ouvre dans un nouvel onglet)\">D\u00e9couvrez les chalets pr\u00e9sents sur le Village de No\u00ebl<\/a>.<\/p>\n\n\n\n<div style=\"height:37px\" aria-hidden=\"true\" class=\"wp-block-spacer\"><\/div>\n\n\n\n<p class=\"wp-block-paragraph\"><strong>7 jours plus tard, le Village de No\u00ebl de Lille et ses exposants sont pr\u00eats \u00e0 vous accueillir !<\/strong><\/p>\n\n\n\n<div style=\"height:97px\" aria-hidden=\"true\" class=\"wp-block-spacer\"><\/div>\n\n\n\n<h2 class=\"wp-block-heading\">Un timelapse complet du montage<\/h2>\n\n\n\n<div style=\"height:39px\" aria-hidden=\"true\" class=\"wp-block-spacer\"><\/div>\n\n\n\n<p class=\"wp-block-paragraph\">D\u00e9couvrez en vid\u00e9o acc\u00e9l\u00e9r\u00e9e le montage du Village de No\u00ebl de Lille. <strong>Merci \u00e0 Nablezon (<\/strong><a rel=\"noreferrer noopener\" aria-label=\"@nablezon (s\u2019ouvre dans un nouvel onglet)\" href=\"https:\/\/www.instagram.com\/nablezon\/\" target=\"_blank\"><strong>@nablezon<\/strong><\/a><strong>) pour la r\u00e9alisation de ce timelapse qui a n\u00e9cessit\u00e9 beaucoup de temps et d&rsquo;investissement. <\/strong>7 jours de montage, 7 jours de tournage non stop (bon sauf la nuit, on dort !).<\/p>\n\n\n\n<div style=\"height:20px\" aria-hidden=\"true\" class=\"wp-block-spacer\"><\/div>\n\n\n\n<p class=\"wp-block-paragraph\">Bon visionnage !<\/p>\n\n\n\n<div style=\"height:39px\" aria-hidden=\"true\" class=\"wp-block-spacer\"><\/div>\n\n\n\n<figure class=\"wp-block-video\"><video height=\"1080\" style=\"aspect-ratio: 1920 \/ 1080;\" width=\"1920\" autoplay controls loop muted poster=\"http:\/\/noel-a-lille.com\/wp-content\/uploads\/2022\/03\/Ouverture-march\u00e9-de-noel-de-lille-1.png\" preload=\"auto\" src=\"http:\/\/noel-a-lille.com\/wp-content\/uploads\/2022\/08\/Nablezon-Timelapse-March\u00e9-de-Noel-2021-without-music.mp4\"><\/video><figcaption><br><\/figcaption><\/figure>\n\n\n\n<div style=\"height:48px\" aria-hidden=\"true\" class=\"wp-block-spacer\"><\/div>\n\n\n\n<div style=\"height:20px\" aria-hidden=\"true\" class=\"wp-block-spacer\"><\/div>\n\n\n\n<div style=\"height:62px\" aria-hidden=\"true\" class=\"wp-block-spacer\"><\/div>","protected":false},"excerpt":{"rendered":"<p>D\u00e9couvrez l&rsquo;envers du d\u00e9cor du march\u00e9 de No\u00ebl de Lille. Du montage \u00e0 l&rsquo;ouverture du Village de No\u00ebl de Lille, d\u00e9couvrez le timelapse r\u00e9alis\u00e9 par Nablezon. <\/p>","protected":false},"author":1,"featured_media":1429,"comment_status":"closed","ping_status":"closed","sticky":false,"template":"","format":"standard","meta":{"saved_in_kubio":false,"footnotes":""},"categories":[6],"tags":[],"class_list":["post-1368","post","type-post","status-publish","format-standard","has-post-thumbnail","hentry","category-actus"],"yoast_head":"<!-- This site is optimized with the Yoast SEO plugin v28.4 - https:\/\/yoast.com\/product\/yoast-seo-wordpress\/ -->\n<title>L&#039;envers du d\u00e9cor : le montage du March\u00e9 de No\u00ebl de Lille - Village de No\u00ebl de Lille<\/title>\n<meta name=\"robots\" content=\"index, follow, max-snippet:-1, max-image-preview:large, max-video-preview:-1\" \/>\n<link rel=\"canonical\" href=\"http:\/\/noel-a-lille.com\/en\/lenvers-du-decor-le-montage-du-marche-de-noel-de-lille\/\" \/>\n<meta property=\"og:locale\" content=\"en_US\" \/>\n<meta property=\"og:type\" content=\"article\" \/>\n<meta property=\"og:title\" content=\"L&#039;envers du d\u00e9cor : le montage du March\u00e9 de No\u00ebl de Lille - Village de No\u00ebl de Lille\" \/>\n<meta property=\"og:description\" content=\"D\u00e9couvrez l&#039;envers du d\u00e9cor du march\u00e9 de No\u00ebl de Lille. Du montage \u00e0 l&#039;ouverture du Village de No\u00ebl de Lille, d\u00e9couvrez le timelapse r\u00e9alis\u00e9 par Nablezon.\" \/>\n<meta property=\"og:url\" content=\"http:\/\/noel-a-lille.com\/en\/lenvers-du-decor-le-montage-du-marche-de-noel-de-lille\/\" \/>\n<meta property=\"og:site_name\" content=\"Village de No\u00ebl de Lille\" \/>\n<meta property=\"article:published_time\" content=\"2022-03-17T11:56:51+00:00\" \/>\n<meta property=\"article:modified_time\" content=\"2022-09-23T11:30:06+00:00\" \/>\n<meta property=\"og:image\" content=\"http:\/\/noel-a-lille.com\/wp-content\/uploads\/2022\/03\/VillageNoel-360-1024x567.jpg\" \/>\n\t<meta property=\"og:image:width\" content=\"1024\" \/>\n\t<meta property=\"og:image:height\" content=\"567\" \/>\n\t<meta property=\"og:image:type\" content=\"image\/jpeg\" \/>\n<meta name=\"author\" content=\"FLCAS\" \/>\n<meta name=\"twitter:card\" content=\"summary_large_image\" \/>\n<meta name=\"twitter:label1\" content=\"Written by\" \/>\n\t<meta name=\"twitter:data1\" content=\"FLCAS\" \/>\n\t<meta name=\"twitter:label2\" content=\"Est. reading time\" \/>\n\t<meta name=\"twitter:data2\" content=\"3 minutes\" \/>\n<script type=\"application\/ld+json\" class=\"yoast-schema-graph\">{\"@context\":\"https:\\\/\\\/schema.org\",\"@graph\":[{\"@type\":\"Article\",\"@id\":\"http:\\\/\\\/noel-a-lille.com\\\/lenvers-du-decor-le-montage-du-marche-de-noel-de-lille\\\/#article\",\"isPartOf\":{\"@id\":\"http:\\\/\\\/noel-a-lille.com\\\/lenvers-du-decor-le-montage-du-marche-de-noel-de-lille\\\/\"},\"author\":{\"name\":\"FLCAS\",\"@id\":\"http:\\\/\\\/noel-a-lille.com\\\/#\\\/schema\\\/person\\\/aab49807d0c2aba6a2a7749e9ad0b115\"},\"headline\":\"L&rsquo;envers du d\u00e9cor : le montage du March\u00e9 de No\u00ebl de Lille\",\"datePublished\":\"2022-03-17T11:56:51+00:00\",\"dateModified\":\"2022-09-23T11:30:06+00:00\",\"mainEntityOfPage\":{\"@id\":\"http:\\\/\\\/noel-a-lille.com\\\/lenvers-du-decor-le-montage-du-marche-de-noel-de-lille\\\/\"},\"wordCount\":653,\"publisher\":{\"@id\":\"http:\\\/\\\/noel-a-lille.com\\\/#organization\"},\"image\":{\"@id\":\"http:\\\/\\\/noel-a-lille.com\\\/lenvers-du-decor-le-montage-du-marche-de-noel-de-lille\\\/#primaryimage\"},\"thumbnailUrl\":\"https:\\\/\\\/noel-a-lille.com\\\/wp-content\\\/uploads\\\/2022\\\/03\\\/VillageNoel-360.jpg\",\"articleSection\":[\"ACTUALIT\u00c9\"],\"inLanguage\":\"en-US\"},{\"@type\":\"WebPage\",\"@id\":\"http:\\\/\\\/noel-a-lille.com\\\/lenvers-du-decor-le-montage-du-marche-de-noel-de-lille\\\/\",\"url\":\"http:\\\/\\\/noel-a-lille.com\\\/lenvers-du-decor-le-montage-du-marche-de-noel-de-lille\\\/\",\"name\":\"L'envers du d\u00e9cor : le montage du March\u00e9 de No\u00ebl de Lille - Village de No\u00ebl de Lille\",\"isPartOf\":{\"@id\":\"http:\\\/\\\/noel-a-lille.com\\\/#website\"},\"primaryImageOfPage\":{\"@id\":\"http:\\\/\\\/noel-a-lille.com\\\/lenvers-du-decor-le-montage-du-marche-de-noel-de-lille\\\/#primaryimage\"},\"image\":{\"@id\":\"http:\\\/\\\/noel-a-lille.com\\\/lenvers-du-decor-le-montage-du-marche-de-noel-de-lille\\\/#primaryimage\"},\"thumbnailUrl\":\"https:\\\/\\\/noel-a-lille.com\\\/wp-content\\\/uploads\\\/2022\\\/03\\\/VillageNoel-360.jpg\",\"datePublished\":\"2022-03-17T11:56:51+00:00\",\"dateModified\":\"2022-09-23T11:30:06+00:00\",\"breadcrumb\":{\"@id\":\"http:\\\/\\\/noel-a-lille.com\\\/lenvers-du-decor-le-montage-du-marche-de-noel-de-lille\\\/#breadcrumb\"},\"inLanguage\":\"en-US\",\"potentialAction\":[{\"@type\":\"ReadAction\",\"target\":[\"http:\\\/\\\/noel-a-lille.com\\\/lenvers-du-decor-le-montage-du-marche-de-noel-de-lille\\\/\"]}]},{\"@type\":\"ImageObject\",\"inLanguage\":\"en-US\",\"@id\":\"http:\\\/\\\/noel-a-lille.com\\\/lenvers-du-decor-le-montage-du-marche-de-noel-de-lille\\\/#primaryimage\",\"url\":\"https:\\\/\\\/noel-a-lille.com\\\/wp-content\\\/uploads\\\/2022\\\/03\\\/VillageNoel-360.jpg\",\"contentUrl\":\"https:\\\/\\\/noel-a-lille.com\\\/wp-content\\\/uploads\\\/2022\\\/03\\\/VillageNoel-360.jpg\",\"width\":1799,\"height\":996,\"caption\":\"March\u00e9 de Noel de Lille\"},{\"@type\":\"BreadcrumbList\",\"@id\":\"http:\\\/\\\/noel-a-lille.com\\\/lenvers-du-decor-le-montage-du-marche-de-noel-de-lille\\\/#breadcrumb\",\"itemListElement\":[{\"@type\":\"ListItem\",\"position\":1,\"name\":\"Accueil\",\"item\":\"http:\\\/\\\/noel-a-lille.com\\\/\"},{\"@type\":\"ListItem\",\"position\":2,\"name\":\"L&rsquo;envers du d\u00e9cor : le montage du March\u00e9 de No\u00ebl de Lille\"}]},{\"@type\":\"WebSite\",\"@id\":\"http:\\\/\\\/noel-a-lille.com\\\/#website\",\"url\":\"http:\\\/\\\/noel-a-lille.com\\\/\",\"name\":\"Village de No\u00ebl de Lille\",\"description\":\"La magie de No\u00ebl \u00e0 Lille\",\"publisher\":{\"@id\":\"http:\\\/\\\/noel-a-lille.com\\\/#organization\"},\"potentialAction\":[{\"@type\":\"SearchAction\",\"target\":{\"@type\":\"EntryPoint\",\"urlTemplate\":\"http:\\\/\\\/noel-a-lille.com\\\/?s={search_term_string}\"},\"query-input\":{\"@type\":\"PropertyValueSpecification\",\"valueRequired\":true,\"valueName\":\"search_term_string\"}}],\"inLanguage\":\"en-US\"},{\"@type\":\"Organization\",\"@id\":\"http:\\\/\\\/noel-a-lille.com\\\/#organization\",\"name\":\"Village de No\u00ebl de Lille\",\"url\":\"http:\\\/\\\/noel-a-lille.com\\\/\",\"logo\":{\"@type\":\"ImageObject\",\"inLanguage\":\"en-US\",\"@id\":\"http:\\\/\\\/noel-a-lille.com\\\/#\\\/schema\\\/logo\\\/image\\\/\",\"url\":\"https:\\\/\\\/noel-a-lille.com\\\/wp-content\\\/uploads\\\/2026\\\/07\\\/logo-vdn-couleur-sans-attache.png\",\"contentUrl\":\"https:\\\/\\\/noel-a-lille.com\\\/wp-content\\\/uploads\\\/2026\\\/07\\\/logo-vdn-couleur-sans-attache.png\",\"width\":893,\"height\":822,\"caption\":\"Village de No\u00ebl de Lille\"},\"image\":{\"@id\":\"http:\\\/\\\/noel-a-lille.com\\\/#\\\/schema\\\/logo\\\/image\\\/\"},\"sameAs\":[\"https:\\\/\\\/www.instagram.com\\\/villagedenoeldelille\\\/\"]},{\"@type\":\"Person\",\"@id\":\"http:\\\/\\\/noel-a-lille.com\\\/#\\\/schema\\\/person\\\/aab49807d0c2aba6a2a7749e9ad0b115\",\"name\":\"FLCAS\",\"image\":{\"@type\":\"ImageObject\",\"inLanguage\":\"en-US\",\"@id\":\"https:\\\/\\\/secure.gravatar.com\\\/avatar\\\/bfb9c38db73a92ba9c5398970fc38fd55695f27b6352f85b511a7101d1e76dad?s=96&d=mm&r=g\",\"url\":\"https:\\\/\\\/secure.gravatar.com\\\/avatar\\\/bfb9c38db73a92ba9c5398970fc38fd55695f27b6352f85b511a7101d1e76dad?s=96&d=mm&r=g\",\"contentUrl\":\"https:\\\/\\\/secure.gravatar.com\\\/avatar\\\/bfb9c38db73a92ba9c5398970fc38fd55695f27b6352f85b511a7101d1e76dad?s=96&d=mm&r=g\",\"caption\":\"FLCAS\"},\"url\":\"https:\\\/\\\/noel-a-lille.com\\\/en\\\/author\\\/flcas\\\/\"}]}<\/script>\n<!-- \/ Yoast SEO plugin. -->","yoast_head_json":{"title":"L'envers du d\u00e9cor : le montage du March\u00e9 de No\u00ebl de Lille - Village de No\u00ebl de Lille","robots":{"index":"index","follow":"follow","max-snippet":"max-snippet:-1","max-image-preview":"max-image-preview:large","max-video-preview":"max-video-preview:-1"},"canonical":"http:\/\/noel-a-lille.com\/en\/lenvers-du-decor-le-montage-du-marche-de-noel-de-lille\/","og_locale":"en_US","og_type":"article","og_title":"L'envers du d\u00e9cor : le montage du March\u00e9 de No\u00ebl de Lille - Village de No\u00ebl de Lille","og_description":"D\u00e9couvrez l'envers du d\u00e9cor du march\u00e9 de No\u00ebl de Lille. Du montage \u00e0 l'ouverture du Village de No\u00ebl de Lille, d\u00e9couvrez le timelapse r\u00e9alis\u00e9 par Nablezon.","og_url":"http:\/\/noel-a-lille.com\/en\/lenvers-du-decor-le-montage-du-marche-de-noel-de-lille\/","og_site_name":"Village de No\u00ebl de Lille","article_published_time":"2022-03-17T11:56:51+00:00","article_modified_time":"2022-09-23T11:30:06+00:00","og_image":[{"width":1024,"height":567,"url":"http:\/\/noel-a-lille.com\/wp-content\/uploads\/2022\/03\/VillageNoel-360-1024x567.jpg","type":"image\/jpeg"}],"author":"FLCAS","twitter_card":"summary_large_image","twitter_misc":{"Written by":"FLCAS","Est. reading time":"3 minutes"},"schema":{"@context":"https:\/\/schema.org","@graph":[{"@type":"Article","@id":"http:\/\/noel-a-lille.com\/lenvers-du-decor-le-montage-du-marche-de-noel-de-lille\/#article","isPartOf":{"@id":"http:\/\/noel-a-lille.com\/lenvers-du-decor-le-montage-du-marche-de-noel-de-lille\/"},"author":{"name":"FLCAS","@id":"http:\/\/noel-a-lille.com\/#\/schema\/person\/aab49807d0c2aba6a2a7749e9ad0b115"},"headline":"L&rsquo;envers du d\u00e9cor : le montage du March\u00e9 de No\u00ebl de Lille","datePublished":"2022-03-17T11:56:51+00:00","dateModified":"2022-09-23T11:30:06+00:00","mainEntityOfPage":{"@id":"http:\/\/noel-a-lille.com\/lenvers-du-decor-le-montage-du-marche-de-noel-de-lille\/"},"wordCount":653,"publisher":{"@id":"http:\/\/noel-a-lille.com\/#organization"},"image":{"@id":"http:\/\/noel-a-lille.com\/lenvers-du-decor-le-montage-du-marche-de-noel-de-lille\/#primaryimage"},"thumbnailUrl":"https:\/\/noel-a-lille.com\/wp-content\/uploads\/2022\/03\/VillageNoel-360.jpg","articleSection":["ACTUALIT\u00c9"],"inLanguage":"en-US"},{"@type":"WebPage","@id":"http:\/\/noel-a-lille.com\/lenvers-du-decor-le-montage-du-marche-de-noel-de-lille\/","url":"http:\/\/noel-a-lille.com\/lenvers-du-decor-le-montage-du-marche-de-noel-de-lille\/","name":"L'envers du d\u00e9cor : le montage du March\u00e9 de No\u00ebl de Lille - Village de No\u00ebl de Lille","isPartOf":{"@id":"http:\/\/noel-a-lille.com\/#website"},"primaryImageOfPage":{"@id":"http:\/\/noel-a-lille.com\/lenvers-du-decor-le-montage-du-marche-de-noel-de-lille\/#primaryimage"},"image":{"@id":"http:\/\/noel-a-lille.com\/lenvers-du-decor-le-montage-du-marche-de-noel-de-lille\/#primaryimage"},"thumbnailUrl":"https:\/\/noel-a-lille.com\/wp-content\/uploads\/2022\/03\/VillageNoel-360.jpg","datePublished":"2022-03-17T11:56:51+00:00","dateModified":"2022-09-23T11:30:06+00:00","breadcrumb":{"@id":"http:\/\/noel-a-lille.com\/lenvers-du-decor-le-montage-du-marche-de-noel-de-lille\/#breadcrumb"},"inLanguage":"en-US","potentialAction":[{"@type":"ReadAction","target":["http:\/\/noel-a-lille.com\/lenvers-du-decor-le-montage-du-marche-de-noel-de-lille\/"]}]},{"@type":"ImageObject","inLanguage":"en-US","@id":"http:\/\/noel-a-lille.com\/lenvers-du-decor-le-montage-du-marche-de-noel-de-lille\/#primaryimage","url":"https:\/\/noel-a-lille.com\/wp-content\/uploads\/2022\/03\/VillageNoel-360.jpg","contentUrl":"https:\/\/noel-a-lille.com\/wp-content\/uploads\/2022\/03\/VillageNoel-360.jpg","width":1799,"height":996,"caption":"March\u00e9 de Noel de Lille"},{"@type":"BreadcrumbList","@id":"http:\/\/noel-a-lille.com\/lenvers-du-decor-le-montage-du-marche-de-noel-de-lille\/#breadcrumb","itemListElement":[{"@type":"ListItem","position":1,"name":"Accueil","item":"http:\/\/noel-a-lille.com\/"},{"@type":"ListItem","position":2,"name":"L&rsquo;envers du d\u00e9cor : le montage du March\u00e9 de No\u00ebl de Lille"}]},{"@type":"WebSite","@id":"http:\/\/noel-a-lille.com\/#website","url":"http:\/\/noel-a-lille.com\/","name":"Lille Christmas Market","description":"The magic of Christmas in Lille","publisher":{"@id":"http:\/\/noel-a-lille.com\/#organization"},"potentialAction":[{"@type":"SearchAction","target":{"@type":"EntryPoint","urlTemplate":"http:\/\/noel-a-lille.com\/?s={search_term_string}"},"query-input":{"@type":"PropertyValueSpecification","valueRequired":true,"valueName":"search_term_string"}}],"inLanguage":"en-US"},{"@type":"Organization","@id":"http:\/\/noel-a-lille.com\/#organization","name":"Lille Christmas Market","url":"http:\/\/noel-a-lille.com\/","logo":{"@type":"ImageObject","inLanguage":"en-US","@id":"http:\/\/noel-a-lille.com\/#\/schema\/logo\/image\/","url":"https:\/\/noel-a-lille.com\/wp-content\/uploads\/2026\/07\/logo-vdn-couleur-sans-attache.png","contentUrl":"https:\/\/noel-a-lille.com\/wp-content\/uploads\/2026\/07\/logo-vdn-couleur-sans-attache.png","width":893,"height":822,"caption":"Village de No\u00ebl de Lille"},"image":{"@id":"http:\/\/noel-a-lille.com\/#\/schema\/logo\/image\/"},"sameAs":["https:\/\/www.instagram.com\/villagedenoeldelille\/"]},{"@type":"Person","@id":"http:\/\/noel-a-lille.com\/#\/schema\/person\/aab49807d0c2aba6a2a7749e9ad0b115","name":"FLCAS","image":{"@type":"ImageObject","inLanguage":"en-US","@id":"https:\/\/secure.gravatar.com\/avatar\/bfb9c38db73a92ba9c5398970fc38fd55695f27b6352f85b511a7101d1e76dad?s=96&d=mm&r=g","url":"https:\/\/secure.gravatar.com\/avatar\/bfb9c38db73a92ba9c5398970fc38fd55695f27b6352f85b511a7101d1e76dad?s=96&d=mm&r=g","contentUrl":"https:\/\/secure.gravatar.com\/avatar\/bfb9c38db73a92ba9c5398970fc38fd55695f27b6352f85b511a7101d1e76dad?s=96&d=mm&r=g","caption":"FLCAS"},"url":"https:\/\/noel-a-lille.com\/en\/author\/flcas\/"}]}},"_links":{"self":[{"href":"https:\/\/noel-a-lille.com\/en\/wp-json\/wp\/v2\/posts\/1368","targetHints":{"allow":["GET"]}}],"collection":[{"href":"https:\/\/noel-a-lille.com\/en\/wp-json\/wp\/v2\/posts"}],"about":[{"href":"https:\/\/noel-a-lille.com\/en\/wp-json\/wp\/v2\/types\/post"}],"author":[{"embeddable":true,"href":"https:\/\/noel-a-lille.com\/en\/wp-json\/wp\/v2\/users\/1"}],"replies":[{"embeddable":true,"href":"https:\/\/noel-a-lille.com\/en\/wp-json\/wp\/v2\/comments?post=1368"}],"version-history":[{"count":40,"href":"https:\/\/noel-a-lille.com\/en\/wp-json\/wp\/v2\/posts\/1368\/revisions"}],"predecessor-version":[{"id":1440,"href":"https:\/\/noel-a-lille.com\/en\/wp-json\/wp\/v2\/posts\/1368\/revisions\/1440"}],"wp:featuredmedia":[{"embeddable":true,"href":"https:\/\/noel-a-lille.com\/en\/wp-json\/wp\/v2\/media\/1429"}],"wp:attachment":[{"href":"https:\/\/noel-a-lille.com\/en\/wp-json\/wp\/v2\/media?parent=1368"}],"wp:term":[{"taxonomy":"category","embeddable":true,"href":"https:\/\/noel-a-lille.com\/en\/wp-json\/wp\/v2\/categories?post=1368"},{"taxonomy":"post_tag","embeddable":true,"href":"https:\/\/noel-a-lille.com\/en\/wp-json\/wp\/v2\/tags?post=1368"}],"curies":[{"name":"Well played","href":"https:\/\/api.w.org\/{rel}","templated":true}]}}