{"id":1750,"date":"2023-02-03T13:27:29","date_gmt":"2023-02-03T12:27:29","guid":{"rendered":"http:\/\/noel-a-lille.com\/?p=1750"},"modified":"2024-01-04T15:09:24","modified_gmt":"2024-01-04T14:09:24","slug":"village-de-noel-de-lille-2023-place-rihour","status":"publish","type":"post","link":"http:\/\/noel-a-lille.com\/en\/village-de-noel-de-lille-2023-place-rihour\/","title":{"rendered":"Village de No\u00ebl de Lille 2023 : il revient sur la Place Rihour"},"content":{"rendered":"<div style=\"height:31px\" aria-hidden=\"true\" class=\"wp-block-spacer\"><\/div>\n\n\n\n<p class=\"wp-block-paragraph\" style=\"font-size:15px\">Le march\u00e9 de No\u00ebl de Lille sera de retour <strong>du&nbsp;22&nbsp;novembre&nbsp;au&nbsp;31&nbsp;d\u00e9cembre&nbsp;2023<\/strong> pour une 34\u00e8me \u00e9dition ! Au total<strong>, c&rsquo;est 89 chalets qui seront install\u00e9s sur la Place Rihour <\/strong>and which will be run by shopkeepers, artisans and producers <strong>for 6 weeks. <\/strong><\/p>\n\n\n\n<p class=\"wp-block-paragraph\" style=\"font-size:15px\">Each year, <strong>c&rsquo;est plus d&rsquo;un million de visiteurs,<\/strong> coming from neighboring countries, who wander through our aisles to spend a comforting moment there <strong>with family or friends<\/strong> and do their shopping there. <\/p>\n\n\n\n<p class=\"wp-block-paragraph\" style=\"font-size:15px\">The Lille Christmas Market <strong>is open to everyone.<\/strong> Passez un moment hors du temps aux c\u00f4t\u00e9s de nos exposants. Profitez \u00e9galement d&rsquo;animations musicales et lumineuses pour un temps d&rsquo;\u00e9merveillement.<\/p>\n\n\n\n<p class=\"wp-block-paragraph\">L&rsquo;inauguration officielle aura lieu <strong>le samedi 25 novembre \u00e0 12h<\/strong>.<\/p>\n\n\n\n<div style=\"height:27px\" aria-hidden=\"true\" class=\"wp-block-spacer\"><\/div>\n\n\n\n<p class=\"has-small-font-size wp-block-paragraph\"><em>The Lille Christmas market will be back from November 22 to December 31, 2023. 89 cabins will be installed on Place Rihour and will be run by traders, artisans and producers for 6 weeks. Every year, more than a million visitors from neighboring countries wander through our aisles to come and spend a comforting moment with family or friends and do their shopping. The Christmas market is open to everyone, for all ages and from all backgrounds. Spend a timeless moment alongside our exhibitors. Also enjoy musical and light entertainment for a time of wonder.<\/em><\/p>\n\n\n\n<div style=\"height:57px\" aria-hidden=\"true\" class=\"wp-block-spacer\"><\/div>\n\n\n\n<h4 class=\"wp-block-heading\">Infos pratiques<\/h4>\n\n\n\n<div style=\"height:36px\" aria-hidden=\"true\" class=\"wp-block-spacer\"><\/div>\n\n\n\n<p class=\"wp-block-paragraph\" style=\"font-size:15px\"><strong>Location: <\/strong>Place Rihour <\/p>\n\n\n\n<p class=\"wp-block-paragraph\" style=\"font-size:15px\"><strong>Entr\u00e9es : <\/strong><\/p>\n\n\n\n<ul class=\"wp-block-list\"><li>Entr\u00e9e 1  : depuis la rue Rihour (entr\u00e9e principale) <\/li><li>Entr\u00e9e 2 : rue de la Vieille Com\u00e9die (c\u00f4t\u00e9 man\u00e8ge et animations enfants)<\/li><\/ul>\n\n\n\n<p class=\"wp-block-paragraph\" style=\"font-size:15px\"><strong>Hours:<\/strong><\/p>\n\n\n\n<ul class=\"wp-block-list\"><li>Du lundi au jeudi : 11h00 &#8211; 20h30<\/li><li>Vendredi &#8211; samedi : 11h00 &#8211; 22h00<\/li><li>Dimanche : 11h00 &#8211; 20h30<\/li><\/ul>\n\n\n\n<p class=\"wp-block-paragraph\" style=\"font-size:15px\">Fermeture \u00e0 18h00 les 24 et 31 d\u00e9cembre. Ferm\u00e9 le 25 d\u00e9cembre.<\/p>\n\n\n\n<p class=\"wp-block-paragraph\" style=\"font-size:15px\"><strong>Access: <\/strong><\/p>\n\n\n\n<ul class=\"wp-block-list\"><li>M\u00e9tro : arr\u00eat \u00ab\u00a0Rihour\u00a0\u00bb &#8211; pr\u00e9parer votre trajet sur <a href=\"https:\/\/www.ilevia.fr\">ILEVIA<\/a><\/li><li>Car: park your car in one of the parking lots <a href=\"https:\/\/www.indigoneo.fr\/fr\">INDIGO<\/a><\/li><li>Train : arr\u00eat \u00ab\u00a0Gare Lille Flandres\u00a0\u00bb ou \u00ab\u00a0Lille Europe\u00a0\u00bb<\/li><li>Avion : navettes vers le centre-ville depuis l&rsquo;<a href=\"https:\/\/www.lille.aeroport.fr\">Lille-Lesquin Airport<\/a><\/li><\/ul>\n\n\n\n<div style=\"height:48px\" aria-hidden=\"true\" class=\"wp-block-spacer\"><\/div>\n\n\n\n<p class=\"wp-block-paragraph\">La navette du Vieux-Lille ne desservira pas l&rsquo;arr\u00eat Rihour mais s&rsquo;arr\u00eatera exceptionnellement au 58 rue de l&rsquo;H\u00f4pital Militaire durant la p\u00e9riode du Village de No\u00ebl de Lille.<\/p>\n\n\n\n<p class=\"wp-block-paragraph\">Les autocars d\u00e9di\u00e9s aux groupes pourront d\u00e9poser les visiteurs au 58 rue de l&rsquo;H\u00f4pital Militaire et pourront aller se garer au parking autocars de la Citadelle de Lille.<\/p>\n\n\n\n<div style=\"height:59px\" aria-hidden=\"true\" class=\"wp-block-spacer\"><\/div>\n\n\n\n<div class=\"wp-block-button aligncenter\"><a class=\"wp-block-button__link has-background has-vivid-red-background-color\" href=\"http:\/\/noel-a-lille.com\/en\/preparez-votre-visite\/\"><strong>PR\u00c9PAREZ VOTRE VISITE&nbsp;<\/strong><br><\/a><\/div>\n\n\n\n<div style=\"height:96px\" aria-hidden=\"true\" class=\"wp-block-spacer\"><\/div>\n\n\n\n<h4 class=\"wp-block-heading\">Un march\u00e9 diversifi\u00e9 et qualitatif<\/h4>\n\n\n\n<div style=\"height:26px\" aria-hidden=\"true\" class=\"wp-block-spacer\"><\/div>\n\n\n\n<p class=\"wp-block-paragraph\" style=\"font-size:15px\"><strong>Proposer un march\u00e9 de No\u00ebl diversifi\u00e9 en produits&nbsp;et surtout de&nbsp;bonne&nbsp;qualit\u00e9, c&rsquo;est notre volont\u00e9.<\/strong> Venir au Village de No\u00ebl de Lille,<strong> <\/strong>c&rsquo;est d\u00e9couvrir<strong> des sp\u00e9cialit\u00e9s de commer\u00e7ants et artisans&nbsp;provenant&nbsp;de&nbsp;nos&nbsp;belles&nbsp;r\u00e9gions&nbsp;fran\u00e7aises&nbsp;mais&nbsp;aussi&nbsp;d&rsquo;Europe<\/strong> et en profiter pour y faire ses cadeaux de No\u00ebl. C&rsquo;est aussi (et surtout) venir<strong> savourer des gourmandises sal\u00e9es et sucr\u00e9es <\/strong>: fondues et tartiflettes, croustillons et chocolat chaud, pains d&rsquo;\u00e9pices et vin chaud.<\/p>\n\n\n\n<div style=\"height:27px\" aria-hidden=\"true\" class=\"wp-block-spacer\"><\/div>\n\n\n\n<p class=\"wp-block-paragraph\" style=\"font-size:15px\">C&rsquo;est pourquoi, les organisateurs souhaite chaque ann\u00e9e proposer <strong>un large choix de produits pouvant r\u00e9pondre aux attentes et besoins de ses visiteurs<\/strong>. Au del\u00e0 d&rsquo;y proposer les douceurs gourmandises traditionnelles, elle cherche \u00e0 enrichir sa s\u00e9lection d&rsquo;exposants en proposant au grand public de nouveaux produits originaux.<strong> De plus, elle souhaite mettre en avant l&rsquo;artisanat et le savoir-faire fran\u00e7ais par de nouveaux exposants locaux et r\u00e9gionaux. <\/strong><\/p>\n\n\n\n<div style=\"height:60px\" aria-hidden=\"true\" class=\"wp-block-spacer\"><\/div>\n\n\n\n<p class=\"has-small-font-size wp-block-paragraph\"><em>Offering a Christmas market diversified in products and above all of good quality, that is our desire. Coming to the Christmas Village means discovering specialties from traders and artisans from our beautiful French regions but also from Europe and taking the opportunity to make your Christmas gifts. It also (and above all) comes to savor savory and sweet treats: \u00ab\u00a0fondues\u00a0\u00bb and \u00ab\u00a0tartiflettes\u00a0\u00bb, \u00ab\u00a0croustillons\u00a0\u00bb and hot chocolate, gingerbread and mulled wine.<\/em><\/p>\n\n\n\n<p class=\"has-small-font-size wp-block-paragraph\"><em>Each year, the organizers wish to offer a wide choice of products that can meet the expectations and needs of its visitors. Beyond offering traditional sweet treats, it seeks to enrich its selection of exhibitors by offering the general public new original products. In addition, it wishes to highlight French craftsmanship and know-how through new local and regional exhibitors.<\/em><\/p>\n\n\n\n<div style=\"height:37px\" aria-hidden=\"true\" class=\"wp-block-spacer\"><\/div>\n\n\n\n<figure class=\"wp-block-image\"><img loading=\"lazy\" decoding=\"async\" width=\"1024\" height=\"683\" src=\"http:\/\/noel-a-lille.com\/wp-content\/uploads\/2023\/02\/March\u00e9-de-No\u00ebl-Lille-4-1024x683.jpg\" alt=\"\" class=\"wp-image-1820\" srcset=\"http:\/\/noel-a-lille.com\/wp-content\/uploads\/2023\/02\/March\u00e9-de-No\u00ebl-Lille-4-1024x683.jpg 1024w, http:\/\/noel-a-lille.com\/wp-content\/uploads\/2023\/02\/March\u00e9-de-No\u00ebl-Lille-4-300x200.jpg 300w, http:\/\/noel-a-lille.com\/wp-content\/uploads\/2023\/02\/March\u00e9-de-No\u00ebl-Lille-4-768x512.jpg 768w, http:\/\/noel-a-lille.com\/wp-content\/uploads\/2023\/02\/March\u00e9-de-No\u00ebl-Lille-4-1140x760.jpg 1140w\" sizes=\"(max-width: 1024px) 100vw, 1024px\" \/><figcaption>Village de No\u00ebl de Lille 2022 &#8211; @Matthieu Lassalle Photography <\/figcaption><\/figure>\n\n\n\n<div style=\"height:75px\" aria-hidden=\"true\" class=\"wp-block-spacer\"><\/div>\n\n\n\n<h4 class=\"wp-block-heading\">Programme d&rsquo;animations<\/h4>\n\n\n\n<div style=\"height:27px\" aria-hidden=\"true\" class=\"wp-block-spacer\"><\/div>\n\n\n\n<p class=\"wp-block-paragraph\" style=\"font-size:15px\">Chaque ann\u00e9e, le Village de No\u00ebl de Lille propose un programme d&rsquo;animations avec <strong>des ateliers pour enfants les mercredis apr\u00e8s-midi de 15h \u00e0 18h<\/strong> and <strong>des spectacles en d\u00e9ambulation les vendredis de 18h \u00e0 20h. <\/strong><\/p>\n\n\n\n<p class=\"wp-block-paragraph\">En plus de notre programme d\u2019animations, <strong>notre nouveau partenaire radio RTL2 va vous proposer deux temps forts vous permettant de remporter de nombreux cadeaux&nbsp;<\/strong>: places de concerts, places de cin\u00e9ma, places de matchs de foot et autres cadeaux et goodies. Les animations se d\u00e9rouleront au niveau de l\u2019entr\u00e9e 2 (rue de la Vieille Com\u00e9die).&nbsp;<\/p>\n\n\n\n<ul class=\"wp-block-list\"><li>Vendredi 24 novembre entre 12h et 18h&nbsp;<\/li><li>Vendredi 8 d\u00e9cembre entre 12h et 18h<\/li><\/ul>\n\n\n\n<div style=\"height:39px\" aria-hidden=\"true\" class=\"wp-block-spacer\"><\/div>\n\n\n\n<p class=\"has-small-font-size wp-block-paragraph\"><em>Every year, the Christmas market offers a program with workshops for children on Wednesday afternoons from 3 p.m. to 6 p.m. and strolling shows on Fridays from 6 p.m. to 8 p.m. <\/em><\/p>\n\n\n\n<div style=\"height:67px\" aria-hidden=\"true\" class=\"wp-block-spacer\"><\/div>\n\n\n\n<div class=\"wp-block-button aligncenter\"><a class=\"wp-block-button__link has-background has-vivid-red-background-color\" href=\"http:\/\/noel-a-lille.com\/en\/la-programmation\/\"><strong>PROGRAMME D&rsquo;ANIMATIONS<\/strong><\/a><\/div>\n\n\n\n<div style=\"height:105px\" aria-hidden=\"true\" class=\"wp-block-spacer\"><\/div>\n\n\n\n<h4 class=\"wp-block-heading\">Le chalet de la solidarit\u00e9<\/h4>\n\n\n\n<div style=\"height:47px\" aria-hidden=\"true\" class=\"wp-block-spacer\"><\/div>\n\n\n\n<p class=\"has-normal-font-size wp-block-paragraph\">Each year, <strong>un chalet est d\u00e9di\u00e9 \u00e0 la mise en avant d&rsquo;associations de la m\u00e9tropole lilloise. <\/strong>G\u00e9r\u00e9 par la mairie de quartier de Lille-Centre, un planning est concoct\u00e9 pour permettre le relai de chaque association. Vous pourrez les d\u00e9couvrir et soutenir leur cause. Il est situ\u00e9 en plein centre du Village de No\u00ebl, chalet n\u00b059.<\/p>\n\n\n\n<div style=\"height:33px\" aria-hidden=\"true\" class=\"wp-block-spacer\"><\/div>\n\n\n\n<p class=\"wp-block-paragraph\"><strong>Le planning des associations : <\/strong><\/p>\n\n\n\n<ul class=\"wp-block-list\"><li><strong>Centre Social La Busette : <\/strong>du mercredi 22 au vendredi 24 novembre \/ mercredi 27 d\u00e9cembre<\/li><li><strong>Wonder Augustine<\/strong> : samedi 25 novembre<\/li><li><strong>Les Cousettes :<\/strong> dimanche 26 et lundi 27 novembre<\/li><li><strong>La Cloche : <\/strong>mardi 28 et mercredi 29 novembre<\/li><li><strong>IME La Roseraie : <\/strong>jeudi 30 novembre<\/li><li><strong>Secours Populaire :<\/strong> du vendredi 1er au lundi 4 d\u00e9cembre<\/li><li><strong>Secours Catholique : <\/strong>mardi 5 d\u00e9cembre \/ samedi 30 d\u00e9cembre<\/li><li><strong>LEDA <\/strong>: mercredi 6 et jeudi 7 d\u00e9cembre \/ jeudi 28 et vendredi 29 d\u00e9cembre<\/li><li><strong>Lions Club :<\/strong> du vendredi 8 au lundi 11 d\u00e9cembre<\/li><li><strong>Les petits fr\u00e8res des pauvres : <\/strong>mardi 12 d\u00e9cembre<\/li><li><strong>Centre Mosa\u00efque :<\/strong> du mercredi 13 au vendredi 15 d\u00e9cembre<\/li><li><strong>EOLE : <\/strong>du samedi 16 au lundi 18 d\u00e9cembre \/ dimanche 31 d\u00e9cembre<\/li><li><strong>Enfants Victimes de la Nature :<\/strong> du mardi 19 au jeudi 21 d\u00e9cembre<\/li><li><strong>TA1AMI :<\/strong> du vendredi 22 au mardi 26 d\u00e9cembre (ferm\u00e9 le 25)<\/li><\/ul>\n\n\n\n<div style=\"height:100px\" aria-hidden=\"true\" class=\"wp-block-spacer\"><\/div>\n\n\n\n<h4 class=\"wp-block-heading\">Devenir exposant<\/h4>\n\n\n\n<div style=\"height:27px\" aria-hidden=\"true\" class=\"wp-block-spacer\"><\/div>\n\n\n\n<p class=\"wp-block-paragraph\" style=\"font-size:15px\">Participer au Village de No\u00ebl en tant qu&rsquo;exposant, <strong>c&rsquo;est rencontrer une client\u00e8le \u00e0 l&rsquo;affut de produits originaux, de produits de qualit\u00e9 et de nouveaut\u00e9s<\/strong>. Mais c&rsquo;est aussi rejoindre <strong>une famille de commer\u00e7ants et artisans locaux et r\u00e9gionaux<\/strong> o\u00f9 r\u00e8gne bonne humeur et joie de vivre.<\/p>\n\n\n\n<p class=\"wp-block-paragraph\" style=\"font-size:15px\">\u26a0\ufe0f <strong>Les candidatures sont closes pour cette ann\u00e9e<\/strong> mais nous vous invitons \u00e0 revenir sur notre site en d\u00e9but d&rsquo;ann\u00e9e 2024 pour t\u00e9l\u00e9charger le dossier de candidature ! Les candidatures sont ensuite cl\u00f4tur\u00e9s \u00e0 la mi-ann\u00e9e pour une s\u00e9lection d\u00e9finitive \u00e0 l&rsquo;\u00e9t\u00e9 2024. <\/p>\n\n\n\n<div style=\"height:51px\" aria-hidden=\"true\" class=\"wp-block-spacer\"><\/div>\n\n\n\n<div class=\"wp-block-button aligncenter\"><a class=\"wp-block-button__link has-background has-vivid-red-background-color\" href=\"http:\/\/noel-a-lille.com\/en\/\"><strong>TOUS NOS ARTICLES&nbsp;<\/strong><\/a><\/div>\n\n\n\n<div style=\"height:57px\" aria-hidden=\"true\" class=\"wp-block-spacer\"><\/div>","protected":false},"excerpt":{"rendered":"<p>Le march\u00e9 de No\u00ebl de Lille sera de retour du&nbsp;22&nbsp;novembre&nbsp;au&nbsp;31&nbsp;d\u00e9cembre&nbsp;2023 pour une 34\u00e8me \u00e9dition ! Au total, c&rsquo;est 89 chalets qui seront install\u00e9s sur la Place Rihour et qui seront tenus par des commer\u00e7ants, artisans et producteurs durant 6 semaines. Chaque ann\u00e9e, c&rsquo;est plus d&rsquo;un million de visiteurs, provenant des pays voisins, qui d\u00e9ambulent dans nos all\u00e9es pour venir y passer un moment r\u00e9confortant en famille ou entre amis et y faire leurs emplettes. Le Village de No\u00ebl de Lille est ouvert \u00e0 toutes et \u00e0 tous. Passez un moment hors du temps aux c\u00f4t\u00e9s de nos exposants. Profitez \u00e9galement d&rsquo;animations musicales et lumineuses pour un temps d&rsquo;\u00e9merveillement. L&rsquo;inauguration officielle aura lieu le samedi 25 novembre \u00e0 12h. The Lille Christmas market will be back from November 22 to December 31, 2023. 89 cabins will be installed on Place Rihour and will be run by traders, artisans and producers for 6 weeks. Every year, more than a million visitors from neighboring countries wander through our aisles to come and spend a comforting moment with family or friends and do their shopping. The Christmas market is open to everyone, for all ages and from all backgrounds. Spend a timeless moment alongside our exhibitors. Also enjoy musical and light entertainment for a time of wonder. Infos pratiques Lieu : Place Rihour Entr\u00e9es : Entr\u00e9e 1 : depuis la rue Rihour (entr\u00e9e principale) Entr\u00e9e 2 : rue de la Vieille Com\u00e9die (c\u00f4t\u00e9 man\u00e8ge et animations enfants) Horaires : Du lundi au jeudi : 11h00 &#8211; 20h30 Vendredi &#8211; samedi : 11h00 &#8211; 22h00 Dimanche : 11h00 &#8211; 20h30 Fermeture \u00e0 18h00 les 24 et 31 d\u00e9cembre. Ferm\u00e9 le 25 d\u00e9cembre. Acc\u00e8s : M\u00e9tro : arr\u00eat \u00ab\u00a0Rihour\u00a0\u00bb &#8211; pr\u00e9parer votre trajet sur ILEVIA Voiture : garez votre voiture dans un des parking INDIGO Train : arr\u00eat \u00ab\u00a0Gare Lille Flandres\u00a0\u00bb ou \u00ab\u00a0Lille Europe\u00a0\u00bb Avion : navettes vers le centre-ville depuis l&rsquo;a\u00e9roport Lille-Lesquin La navette du Vieux-Lille ne desservira pas l&rsquo;arr\u00eat Rihour mais s&rsquo;arr\u00eatera exceptionnellement au 58 rue de l&rsquo;H\u00f4pital Militaire durant la p\u00e9riode du Village de No\u00ebl de Lille. Les autocars d\u00e9di\u00e9s aux groupes pourront d\u00e9poser les visiteurs au 58 rue de l&rsquo;H\u00f4pital Militaire et pourront aller se garer au parking autocars de la Citadelle de Lille. Un march\u00e9 diversifi\u00e9 et qualitatif Proposer un march\u00e9 de No\u00ebl diversifi\u00e9 en produits&nbsp;et surtout de&nbsp;bonne&nbsp;qualit\u00e9, c&rsquo;est notre volont\u00e9. Venir au Village de No\u00ebl de Lille, c&rsquo;est d\u00e9couvrir des sp\u00e9cialit\u00e9s de commer\u00e7ants et artisans&nbsp;provenant&nbsp;de&nbsp;nos&nbsp;belles&nbsp;r\u00e9gions&nbsp;fran\u00e7aises&nbsp;mais&nbsp;aussi&nbsp;d&rsquo;Europe et en profiter pour y faire ses cadeaux de No\u00ebl. C&rsquo;est aussi (et surtout) venir savourer des gourmandises sal\u00e9es et sucr\u00e9es : fondues et tartiflettes, croustillons et chocolat chaud, pains d&rsquo;\u00e9pices et vin chaud. C&rsquo;est pourquoi, les organisateurs souhaite chaque ann\u00e9e proposer un large choix de produits pouvant r\u00e9pondre aux attentes et besoins de ses visiteurs. Au del\u00e0 d&rsquo;y proposer les douceurs gourmandises traditionnelles, elle cherche \u00e0 enrichir sa s\u00e9lection d&rsquo;exposants en proposant au grand public de nouveaux produits originaux. De plus, elle souhaite mettre en avant l&rsquo;artisanat et le savoir-faire fran\u00e7ais par de nouveaux exposants locaux et r\u00e9gionaux. Offering a Christmas market diversified in products and above all of good quality, that is our desire. Coming to the Christmas Village means discovering specialties from traders and artisans from our beautiful French regions but also from Europe and taking the opportunity to make your Christmas gifts. It also (and above all) comes to savor savory and sweet treats: \u00ab\u00a0fondues\u00a0\u00bb and \u00ab\u00a0tartiflettes\u00a0\u00bb, \u00ab\u00a0croustillons\u00a0\u00bb and hot chocolate, gingerbread and mulled wine. Each year, the organizers wish to offer a wide choice of products that can meet the expectations and needs of its visitors. Beyond offering traditional sweet treats, it seeks to enrich its selection of exhibitors by offering the general public new original products. In addition, it wishes to highlight French craftsmanship and know-how through new local and regional exhibitors. Programme d&rsquo;animations Chaque ann\u00e9e, le Village de No\u00ebl de Lille propose un programme d&rsquo;animations avec des ateliers pour enfants les mercredis apr\u00e8s-midi de 15h \u00e0 18h et des spectacles en d\u00e9ambulation les vendredis de 18h \u00e0 20h. En plus de notre programme d\u2019animations, notre nouveau partenaire radio RTL2 va vous proposer deux temps forts vous permettant de remporter de nombreux cadeaux&nbsp;: places de concerts, places de cin\u00e9ma, places de matchs de foot et autres cadeaux et goodies. Les animations se d\u00e9rouleront au niveau de l\u2019entr\u00e9e 2 (rue de la Vieille Com\u00e9die).&nbsp; Vendredi 24 novembre entre 12h et 18h&nbsp; Vendredi 8 d\u00e9cembre entre 12h et 18h Every year, the Christmas market offers a program with workshops for children on Wednesday afternoons from 3 p.m. to 6 p.m. and strolling shows on Fridays from 6 p.m. to 8 p.m. Le chalet de la solidarit\u00e9 Chaque ann\u00e9e, un chalet est d\u00e9di\u00e9 \u00e0 la mise en avant d&rsquo;associations de la m\u00e9tropole lilloise. G\u00e9r\u00e9 par la mairie de quartier de Lille-Centre, un planning est concoct\u00e9 pour permettre le relai de chaque association. Vous pourrez les d\u00e9couvrir et soutenir leur cause. Il est situ\u00e9 en plein centre du Village de No\u00ebl, chalet n\u00b059. Le planning des associations : Centre Social La Busette : du mercredi 22 au vendredi 24 novembre \/ mercredi 27 d\u00e9cembre Wonder Augustine : samedi 25 novembre Les Cousettes : dimanche 26 et lundi 27 novembre La Cloche : mardi 28 et mercredi 29 novembre IME La Roseraie : jeudi 30 novembre Secours Populaire : du vendredi 1er au lundi 4 d\u00e9cembre Secours Catholique : mardi 5 d\u00e9cembre \/ samedi 30 d\u00e9cembre LEDA : mercredi 6 et jeudi 7 d\u00e9cembre \/ jeudi 28 et vendredi 29 d\u00e9cembre Lions Club : du vendredi 8 au lundi 11 d\u00e9cembre Les petits fr\u00e8res des pauvres : mardi 12 d\u00e9cembre Centre Mosa\u00efque : du mercredi 13 au vendredi 15 d\u00e9cembre EOLE : du samedi 16 au lundi 18 d\u00e9cembre \/ dimanche 31 d\u00e9cembre Enfants Victimes de la Nature : du mardi 19 au jeudi 21 d\u00e9cembre TA1AMI : du vendredi 22 au mardi 26 d\u00e9cembre (ferm\u00e9 le 25) Devenir exposant Participer au Village de No\u00ebl en tant qu&rsquo;exposant, c&rsquo;est rencontrer une client\u00e8le \u00e0 l&rsquo;affut de produits originaux, de produits de qualit\u00e9 et de nouveaut\u00e9s. Mais c&rsquo;est aussi rejoindre une famille de commer\u00e7ants et artisans locaux et r\u00e9gionaux o\u00f9 r\u00e8gne bonne humeur et joie de vivre. \u26a0\ufe0f Les candidatures sont closes pour cette ann\u00e9e mais nous vous invitons \u00e0 revenir sur notre site en d\u00e9but d&rsquo;ann\u00e9e 2024 pour t\u00e9l\u00e9charger le dossier de candidature ! Les candidatures sont ensuite cl\u00f4tur\u00e9s \u00e0 la mi-ann\u00e9e pour une s\u00e9lection d\u00e9finitive \u00e0 l&rsquo;\u00e9t\u00e9 2024.<\/p>","protected":false},"author":1,"featured_media":1817,"comment_status":"closed","ping_status":"closed","sticky":false,"template":"","format":"standard","meta":{"saved_in_kubio":false,"footnotes":""},"categories":[6],"tags":[],"class_list":["post-1750","post","type-post","status-publish","format-standard","has-post-thumbnail","hentry","category-actus"],"yoast_head":"<!-- This site is optimized with the Yoast SEO plugin v28.4 - https:\/\/yoast.com\/product\/yoast-seo-wordpress\/ -->\n<title>Village de No\u00ebl de Lille 2023 : il revient sur la Place Rihour - Village de No\u00ebl de Lille<\/title>\n<meta name=\"robots\" content=\"index, follow, max-snippet:-1, max-image-preview:large, max-video-preview:-1\" \/>\n<link rel=\"canonical\" href=\"http:\/\/noel-a-lille.com\/en\/village-de-noel-de-lille-2023-place-rihour\/\" \/>\n<meta property=\"og:locale\" content=\"en_US\" \/>\n<meta property=\"og:type\" content=\"article\" \/>\n<meta property=\"og:title\" content=\"Village de No\u00ebl de Lille 2023 : il revient sur la Place Rihour - Village de No\u00ebl de Lille\" \/>\n<meta property=\"og:description\" content=\"Le march\u00e9 de No\u00ebl de Lille sera de retour du&nbsp;22&nbsp;novembre&nbsp;au&nbsp;31&nbsp;d\u00e9cembre&nbsp;2023 pour une 34\u00e8me \u00e9dition ! Au total, c&rsquo;est 89 chalets qui seront install\u00e9s sur la Place Rihour et qui seront tenus par des commer\u00e7ants, artisans et producteurs durant 6 semaines. Chaque ann\u00e9e, c&rsquo;est plus d&rsquo;un million de visiteurs, provenant des pays voisins, qui d\u00e9ambulent dans nos all\u00e9es pour venir y passer un moment r\u00e9confortant en famille ou entre amis et y faire leurs emplettes. Le Village de No\u00ebl de Lille est ouvert \u00e0 toutes et \u00e0 tous. Passez un moment hors du temps aux c\u00f4t\u00e9s de nos exposants. Profitez \u00e9galement d&rsquo;animations musicales et lumineuses pour un temps d&rsquo;\u00e9merveillement. L&rsquo;inauguration officielle aura lieu le samedi 25 novembre \u00e0 12h. The Lille Christmas market will be back from November 22 to December 31, 2023. 89 cabins will be installed on Place Rihour and will be run by traders, artisans and producers for 6 weeks. Every year, more than a million visitors from neighboring countries wander through our aisles to come and spend a comforting moment with family or friends and do their shopping. The Christmas market is open to everyone, for all ages and from all backgrounds. Spend a timeless moment alongside our exhibitors. Also enjoy musical and light entertainment for a time of wonder. Infos pratiques Lieu : Place Rihour Entr\u00e9es : Entr\u00e9e 1 : depuis la rue Rihour (entr\u00e9e principale) Entr\u00e9e 2 : rue de la Vieille Com\u00e9die (c\u00f4t\u00e9 man\u00e8ge et animations enfants) Horaires : Du lundi au jeudi : 11h00 &#8211; 20h30 Vendredi &#8211; samedi : 11h00 &#8211; 22h00 Dimanche : 11h00 &#8211; 20h30 Fermeture \u00e0 18h00 les 24 et 31 d\u00e9cembre. Ferm\u00e9 le 25 d\u00e9cembre. Acc\u00e8s : M\u00e9tro : arr\u00eat \u00ab\u00a0Rihour\u00a0\u00bb &#8211; pr\u00e9parer votre trajet sur ILEVIA Voiture : garez votre voiture dans un des parking INDIGO Train : arr\u00eat \u00ab\u00a0Gare Lille Flandres\u00a0\u00bb ou \u00ab\u00a0Lille Europe\u00a0\u00bb Avion : navettes vers le centre-ville depuis l&rsquo;a\u00e9roport Lille-Lesquin La navette du Vieux-Lille ne desservira pas l&rsquo;arr\u00eat Rihour mais s&rsquo;arr\u00eatera exceptionnellement au 58 rue de l&rsquo;H\u00f4pital Militaire durant la p\u00e9riode du Village de No\u00ebl de Lille. Les autocars d\u00e9di\u00e9s aux groupes pourront d\u00e9poser les visiteurs au 58 rue de l&rsquo;H\u00f4pital Militaire et pourront aller se garer au parking autocars de la Citadelle de Lille. Un march\u00e9 diversifi\u00e9 et qualitatif Proposer un march\u00e9 de No\u00ebl diversifi\u00e9 en produits&nbsp;et surtout de&nbsp;bonne&nbsp;qualit\u00e9, c&rsquo;est notre volont\u00e9. Venir au Village de No\u00ebl de Lille, c&rsquo;est d\u00e9couvrir des sp\u00e9cialit\u00e9s de commer\u00e7ants et artisans&nbsp;provenant&nbsp;de&nbsp;nos&nbsp;belles&nbsp;r\u00e9gions&nbsp;fran\u00e7aises&nbsp;mais&nbsp;aussi&nbsp;d&rsquo;Europe et en profiter pour y faire ses cadeaux de No\u00ebl. C&rsquo;est aussi (et surtout) venir savourer des gourmandises sal\u00e9es et sucr\u00e9es : fondues et tartiflettes, croustillons et chocolat chaud, pains d&rsquo;\u00e9pices et vin chaud. C&rsquo;est pourquoi, les organisateurs souhaite chaque ann\u00e9e proposer un large choix de produits pouvant r\u00e9pondre aux attentes et besoins de ses visiteurs. Au del\u00e0 d&rsquo;y proposer les douceurs gourmandises traditionnelles, elle cherche \u00e0 enrichir sa s\u00e9lection d&rsquo;exposants en proposant au grand public de nouveaux produits originaux. De plus, elle souhaite mettre en avant l&rsquo;artisanat et le savoir-faire fran\u00e7ais par de nouveaux exposants locaux et r\u00e9gionaux. Offering a Christmas market diversified in products and above all of good quality, that is our desire. Coming to the Christmas Village means discovering specialties from traders and artisans from our beautiful French regions but also from Europe and taking the opportunity to make your Christmas gifts. It also (and above all) comes to savor savory and sweet treats: \u00ab\u00a0fondues\u00a0\u00bb and \u00ab\u00a0tartiflettes\u00a0\u00bb, \u00ab\u00a0croustillons\u00a0\u00bb and hot chocolate, gingerbread and mulled wine. Each year, the organizers wish to offer a wide choice of products that can meet the expectations and needs of its visitors. Beyond offering traditional sweet treats, it seeks to enrich its selection of exhibitors by offering the general public new original products. In addition, it wishes to highlight French craftsmanship and know-how through new local and regional exhibitors. Programme d&rsquo;animations Chaque ann\u00e9e, le Village de No\u00ebl de Lille propose un programme d&rsquo;animations avec des ateliers pour enfants les mercredis apr\u00e8s-midi de 15h \u00e0 18h et des spectacles en d\u00e9ambulation les vendredis de 18h \u00e0 20h. En plus de notre programme d\u2019animations, notre nouveau partenaire radio RTL2 va vous proposer deux temps forts vous permettant de remporter de nombreux cadeaux&nbsp;: places de concerts, places de cin\u00e9ma, places de matchs de foot et autres cadeaux et goodies. Les animations se d\u00e9rouleront au niveau de l\u2019entr\u00e9e 2 (rue de la Vieille Com\u00e9die).&nbsp; Vendredi 24 novembre entre 12h et 18h&nbsp; Vendredi 8 d\u00e9cembre entre 12h et 18h Every year, the Christmas market offers a program with workshops for children on Wednesday afternoons from 3 p.m. to 6 p.m. and strolling shows on Fridays from 6 p.m. to 8 p.m. Le chalet de la solidarit\u00e9 Chaque ann\u00e9e, un chalet est d\u00e9di\u00e9 \u00e0 la mise en avant d&rsquo;associations de la m\u00e9tropole lilloise. G\u00e9r\u00e9 par la mairie de quartier de Lille-Centre, un planning est concoct\u00e9 pour permettre le relai de chaque association. Vous pourrez les d\u00e9couvrir et soutenir leur cause. Il est situ\u00e9 en plein centre du Village de No\u00ebl, chalet n\u00b059. Le planning des associations : Centre Social La Busette : du mercredi 22 au vendredi 24 novembre \/ mercredi 27 d\u00e9cembre Wonder Augustine : samedi 25 novembre Les Cousettes : dimanche 26 et lundi 27 novembre La Cloche : mardi 28 et mercredi 29 novembre IME La Roseraie : jeudi 30 novembre Secours Populaire : du vendredi 1er au lundi 4 d\u00e9cembre Secours Catholique : mardi 5 d\u00e9cembre \/ samedi 30 d\u00e9cembre LEDA : mercredi 6 et jeudi 7 d\u00e9cembre \/ jeudi 28 et vendredi 29 d\u00e9cembre Lions Club : du vendredi 8 au lundi 11 d\u00e9cembre Les petits fr\u00e8res des pauvres : mardi 12 d\u00e9cembre Centre Mosa\u00efque : du mercredi 13 au vendredi 15 d\u00e9cembre EOLE : du samedi 16 au lundi 18 d\u00e9cembre \/ dimanche 31 d\u00e9cembre Enfants Victimes de la Nature : du mardi 19 au jeudi 21 d\u00e9cembre TA1AMI : du vendredi 22 au mardi 26 d\u00e9cembre (ferm\u00e9 le 25) Devenir exposant Participer au Village de No\u00ebl en tant qu&rsquo;exposant, c&rsquo;est rencontrer une client\u00e8le \u00e0 l&rsquo;affut de produits originaux, de produits de qualit\u00e9 et de nouveaut\u00e9s. Mais c&rsquo;est aussi rejoindre une famille de commer\u00e7ants et artisans locaux et r\u00e9gionaux o\u00f9 r\u00e8gne bonne humeur et joie de vivre. \u26a0\ufe0f Les candidatures sont closes pour cette ann\u00e9e mais nous vous invitons \u00e0 revenir sur notre site en d\u00e9but d&rsquo;ann\u00e9e 2024 pour t\u00e9l\u00e9charger le dossier de candidature ! Les candidatures sont ensuite cl\u00f4tur\u00e9s \u00e0 la mi-ann\u00e9e pour une s\u00e9lection d\u00e9finitive \u00e0 l&rsquo;\u00e9t\u00e9 2024.\" \/>\n<meta property=\"og:url\" content=\"http:\/\/noel-a-lille.com\/en\/village-de-noel-de-lille-2023-place-rihour\/\" \/>\n<meta property=\"og:site_name\" content=\"Village de No\u00ebl de Lille\" \/>\n<meta property=\"article:published_time\" content=\"2023-02-03T12:27:29+00:00\" \/>\n<meta property=\"article:modified_time\" content=\"2024-01-04T14:09:24+00:00\" \/>\n<meta property=\"og:image\" content=\"http:\/\/noel-a-lille.com\/wp-content\/uploads\/2023\/03\/March\u00e9-de-No\u00ebl-Lille-3-1024x576.jpg\" \/>\n\t<meta property=\"og:image:width\" content=\"1024\" \/>\n\t<meta property=\"og:image:height\" content=\"576\" \/>\n\t<meta property=\"og:image:type\" content=\"image\/jpeg\" \/>\n<meta name=\"author\" content=\"FLCAS\" \/>\n<meta name=\"twitter:card\" content=\"summary_large_image\" \/>\n<meta name=\"twitter:label1\" content=\"Written by\" \/>\n\t<meta name=\"twitter:data1\" content=\"FLCAS\" \/>\n\t<meta name=\"twitter:label2\" content=\"Est. reading time\" \/>\n\t<meta name=\"twitter:data2\" content=\"6 minutes\" \/>\n<script type=\"application\/ld+json\" class=\"yoast-schema-graph\">{\"@context\":\"https:\\\/\\\/schema.org\",\"@graph\":[{\"@type\":\"Article\",\"@id\":\"http:\\\/\\\/noel-a-lille.com\\\/village-de-noel-de-lille-2023-place-rihour\\\/#article\",\"isPartOf\":{\"@id\":\"http:\\\/\\\/noel-a-lille.com\\\/village-de-noel-de-lille-2023-place-rihour\\\/\"},\"author\":{\"name\":\"FLCAS\",\"@id\":\"http:\\\/\\\/noel-a-lille.com\\\/#\\\/schema\\\/person\\\/aab49807d0c2aba6a2a7749e9ad0b115\"},\"headline\":\"Village de No\u00ebl de Lille 2023 : il revient sur la Place Rihour\",\"datePublished\":\"2023-02-03T12:27:29+00:00\",\"dateModified\":\"2024-01-04T14:09:24+00:00\",\"mainEntityOfPage\":{\"@id\":\"http:\\\/\\\/noel-a-lille.com\\\/village-de-noel-de-lille-2023-place-rihour\\\/\"},\"wordCount\":1176,\"publisher\":{\"@id\":\"http:\\\/\\\/noel-a-lille.com\\\/#organization\"},\"image\":{\"@id\":\"http:\\\/\\\/noel-a-lille.com\\\/village-de-noel-de-lille-2023-place-rihour\\\/#primaryimage\"},\"thumbnailUrl\":\"http:\\\/\\\/noel-a-lille.com\\\/wp-content\\\/uploads\\\/2023\\\/03\\\/March\u00e9-de-No\u00ebl-Lille-3.jpg\",\"articleSection\":[\"ACTUALIT\u00c9\"],\"inLanguage\":\"en-US\"},{\"@type\":\"WebPage\",\"@id\":\"http:\\\/\\\/noel-a-lille.com\\\/village-de-noel-de-lille-2023-place-rihour\\\/\",\"url\":\"http:\\\/\\\/noel-a-lille.com\\\/village-de-noel-de-lille-2023-place-rihour\\\/\",\"name\":\"Village de No\u00ebl de Lille 2023 : il revient sur la Place Rihour - Village de No\u00ebl de Lille\",\"isPartOf\":{\"@id\":\"http:\\\/\\\/noel-a-lille.com\\\/#website\"},\"primaryImageOfPage\":{\"@id\":\"http:\\\/\\\/noel-a-lille.com\\\/village-de-noel-de-lille-2023-place-rihour\\\/#primaryimage\"},\"image\":{\"@id\":\"http:\\\/\\\/noel-a-lille.com\\\/village-de-noel-de-lille-2023-place-rihour\\\/#primaryimage\"},\"thumbnailUrl\":\"http:\\\/\\\/noel-a-lille.com\\\/wp-content\\\/uploads\\\/2023\\\/03\\\/March\u00e9-de-No\u00ebl-Lille-3.jpg\",\"datePublished\":\"2023-02-03T12:27:29+00:00\",\"dateModified\":\"2024-01-04T14:09:24+00:00\",\"breadcrumb\":{\"@id\":\"http:\\\/\\\/noel-a-lille.com\\\/village-de-noel-de-lille-2023-place-rihour\\\/#breadcrumb\"},\"inLanguage\":\"en-US\",\"potentialAction\":[{\"@type\":\"ReadAction\",\"target\":[\"http:\\\/\\\/noel-a-lille.com\\\/village-de-noel-de-lille-2023-place-rihour\\\/\"]}]},{\"@type\":\"ImageObject\",\"inLanguage\":\"en-US\",\"@id\":\"http:\\\/\\\/noel-a-lille.com\\\/village-de-noel-de-lille-2023-place-rihour\\\/#primaryimage\",\"url\":\"http:\\\/\\\/noel-a-lille.com\\\/wp-content\\\/uploads\\\/2023\\\/03\\\/March\u00e9-de-No\u00ebl-Lille-3.jpg\",\"contentUrl\":\"http:\\\/\\\/noel-a-lille.com\\\/wp-content\\\/uploads\\\/2023\\\/03\\\/March\u00e9-de-No\u00ebl-Lille-3.jpg\",\"width\":3948,\"height\":2221,\"caption\":\"marche de noel lille\"},{\"@type\":\"BreadcrumbList\",\"@id\":\"http:\\\/\\\/noel-a-lille.com\\\/village-de-noel-de-lille-2023-place-rihour\\\/#breadcrumb\",\"itemListElement\":[{\"@type\":\"ListItem\",\"position\":1,\"name\":\"Accueil\",\"item\":\"http:\\\/\\\/noel-a-lille.com\\\/\"},{\"@type\":\"ListItem\",\"position\":2,\"name\":\"Village de No\u00ebl de Lille 2023 : il revient sur la Place Rihour\"}]},{\"@type\":\"WebSite\",\"@id\":\"http:\\\/\\\/noel-a-lille.com\\\/#website\",\"url\":\"http:\\\/\\\/noel-a-lille.com\\\/\",\"name\":\"Village de No\u00ebl de Lille\",\"description\":\"La magie de No\u00ebl \u00e0 Lille\",\"publisher\":{\"@id\":\"http:\\\/\\\/noel-a-lille.com\\\/#organization\"},\"potentialAction\":[{\"@type\":\"SearchAction\",\"target\":{\"@type\":\"EntryPoint\",\"urlTemplate\":\"http:\\\/\\\/noel-a-lille.com\\\/?s={search_term_string}\"},\"query-input\":{\"@type\":\"PropertyValueSpecification\",\"valueRequired\":true,\"valueName\":\"search_term_string\"}}],\"inLanguage\":\"en-US\"},{\"@type\":\"Organization\",\"@id\":\"http:\\\/\\\/noel-a-lille.com\\\/#organization\",\"name\":\"Village de No\u00ebl de Lille\",\"url\":\"http:\\\/\\\/noel-a-lille.com\\\/\",\"logo\":{\"@type\":\"ImageObject\",\"inLanguage\":\"en-US\",\"@id\":\"http:\\\/\\\/noel-a-lille.com\\\/#\\\/schema\\\/logo\\\/image\\\/\",\"url\":\"http:\\\/\\\/noel-a-lille.com\\\/wp-content\\\/uploads\\\/2026\\\/07\\\/logo-vdn-couleur-sans-attache.png\",\"contentUrl\":\"http:\\\/\\\/noel-a-lille.com\\\/wp-content\\\/uploads\\\/2026\\\/07\\\/logo-vdn-couleur-sans-attache.png\",\"width\":893,\"height\":822,\"caption\":\"Village de No\u00ebl de Lille\"},\"image\":{\"@id\":\"http:\\\/\\\/noel-a-lille.com\\\/#\\\/schema\\\/logo\\\/image\\\/\"},\"sameAs\":[\"https:\\\/\\\/www.instagram.com\\\/villagedenoeldelille\\\/\"]},{\"@type\":\"Person\",\"@id\":\"http:\\\/\\\/noel-a-lille.com\\\/#\\\/schema\\\/person\\\/aab49807d0c2aba6a2a7749e9ad0b115\",\"name\":\"FLCAS\",\"image\":{\"@type\":\"ImageObject\",\"inLanguage\":\"en-US\",\"@id\":\"https:\\\/\\\/secure.gravatar.com\\\/avatar\\\/bfb9c38db73a92ba9c5398970fc38fd55695f27b6352f85b511a7101d1e76dad?s=96&d=mm&r=g\",\"url\":\"https:\\\/\\\/secure.gravatar.com\\\/avatar\\\/bfb9c38db73a92ba9c5398970fc38fd55695f27b6352f85b511a7101d1e76dad?s=96&d=mm&r=g\",\"contentUrl\":\"https:\\\/\\\/secure.gravatar.com\\\/avatar\\\/bfb9c38db73a92ba9c5398970fc38fd55695f27b6352f85b511a7101d1e76dad?s=96&d=mm&r=g\",\"caption\":\"FLCAS\"},\"url\":\"http:\\\/\\\/noel-a-lille.com\\\/en\\\/author\\\/flcas\\\/\"}]}<\/script>\n<!-- \/ Yoast SEO plugin. -->","yoast_head_json":{"title":"Village de No\u00ebl de Lille 2023 : il revient sur la Place Rihour - Village de No\u00ebl de Lille","robots":{"index":"index","follow":"follow","max-snippet":"max-snippet:-1","max-image-preview":"max-image-preview:large","max-video-preview":"max-video-preview:-1"},"canonical":"http:\/\/noel-a-lille.com\/en\/village-de-noel-de-lille-2023-place-rihour\/","og_locale":"en_US","og_type":"article","og_title":"Village de No\u00ebl de Lille 2023 : il revient sur la Place Rihour - Village de No\u00ebl de Lille","og_description":"Le march\u00e9 de No\u00ebl de Lille sera de retour du&nbsp;22&nbsp;novembre&nbsp;au&nbsp;31&nbsp;d\u00e9cembre&nbsp;2023 pour une 34\u00e8me \u00e9dition ! Au total, c&rsquo;est 89 chalets qui seront install\u00e9s sur la Place Rihour et qui seront tenus par des commer\u00e7ants, artisans et producteurs durant 6 semaines. Chaque ann\u00e9e, c&rsquo;est plus d&rsquo;un million de visiteurs, provenant des pays voisins, qui d\u00e9ambulent dans nos all\u00e9es pour venir y passer un moment r\u00e9confortant en famille ou entre amis et y faire leurs emplettes. Le Village de No\u00ebl de Lille est ouvert \u00e0 toutes et \u00e0 tous. Passez un moment hors du temps aux c\u00f4t\u00e9s de nos exposants. Profitez \u00e9galement d&rsquo;animations musicales et lumineuses pour un temps d&rsquo;\u00e9merveillement. L&rsquo;inauguration officielle aura lieu le samedi 25 novembre \u00e0 12h. The Lille Christmas market will be back from November 22 to December 31, 2023. 89 cabins will be installed on Place Rihour and will be run by traders, artisans and producers for 6 weeks. Every year, more than a million visitors from neighboring countries wander through our aisles to come and spend a comforting moment with family or friends and do their shopping. The Christmas market is open to everyone, for all ages and from all backgrounds. Spend a timeless moment alongside our exhibitors. Also enjoy musical and light entertainment for a time of wonder. Infos pratiques Lieu : Place Rihour Entr\u00e9es : Entr\u00e9e 1 : depuis la rue Rihour (entr\u00e9e principale) Entr\u00e9e 2 : rue de la Vieille Com\u00e9die (c\u00f4t\u00e9 man\u00e8ge et animations enfants) Horaires : Du lundi au jeudi : 11h00 &#8211; 20h30 Vendredi &#8211; samedi : 11h00 &#8211; 22h00 Dimanche : 11h00 &#8211; 20h30 Fermeture \u00e0 18h00 les 24 et 31 d\u00e9cembre. Ferm\u00e9 le 25 d\u00e9cembre. Acc\u00e8s : M\u00e9tro : arr\u00eat \u00ab\u00a0Rihour\u00a0\u00bb &#8211; pr\u00e9parer votre trajet sur ILEVIA Voiture : garez votre voiture dans un des parking INDIGO Train : arr\u00eat \u00ab\u00a0Gare Lille Flandres\u00a0\u00bb ou \u00ab\u00a0Lille Europe\u00a0\u00bb Avion : navettes vers le centre-ville depuis l&rsquo;a\u00e9roport Lille-Lesquin La navette du Vieux-Lille ne desservira pas l&rsquo;arr\u00eat Rihour mais s&rsquo;arr\u00eatera exceptionnellement au 58 rue de l&rsquo;H\u00f4pital Militaire durant la p\u00e9riode du Village de No\u00ebl de Lille. Les autocars d\u00e9di\u00e9s aux groupes pourront d\u00e9poser les visiteurs au 58 rue de l&rsquo;H\u00f4pital Militaire et pourront aller se garer au parking autocars de la Citadelle de Lille. Un march\u00e9 diversifi\u00e9 et qualitatif Proposer un march\u00e9 de No\u00ebl diversifi\u00e9 en produits&nbsp;et surtout de&nbsp;bonne&nbsp;qualit\u00e9, c&rsquo;est notre volont\u00e9. Venir au Village de No\u00ebl de Lille, c&rsquo;est d\u00e9couvrir des sp\u00e9cialit\u00e9s de commer\u00e7ants et artisans&nbsp;provenant&nbsp;de&nbsp;nos&nbsp;belles&nbsp;r\u00e9gions&nbsp;fran\u00e7aises&nbsp;mais&nbsp;aussi&nbsp;d&rsquo;Europe et en profiter pour y faire ses cadeaux de No\u00ebl. C&rsquo;est aussi (et surtout) venir savourer des gourmandises sal\u00e9es et sucr\u00e9es : fondues et tartiflettes, croustillons et chocolat chaud, pains d&rsquo;\u00e9pices et vin chaud. C&rsquo;est pourquoi, les organisateurs souhaite chaque ann\u00e9e proposer un large choix de produits pouvant r\u00e9pondre aux attentes et besoins de ses visiteurs. Au del\u00e0 d&rsquo;y proposer les douceurs gourmandises traditionnelles, elle cherche \u00e0 enrichir sa s\u00e9lection d&rsquo;exposants en proposant au grand public de nouveaux produits originaux. De plus, elle souhaite mettre en avant l&rsquo;artisanat et le savoir-faire fran\u00e7ais par de nouveaux exposants locaux et r\u00e9gionaux. Offering a Christmas market diversified in products and above all of good quality, that is our desire. Coming to the Christmas Village means discovering specialties from traders and artisans from our beautiful French regions but also from Europe and taking the opportunity to make your Christmas gifts. It also (and above all) comes to savor savory and sweet treats: \u00ab\u00a0fondues\u00a0\u00bb and \u00ab\u00a0tartiflettes\u00a0\u00bb, \u00ab\u00a0croustillons\u00a0\u00bb and hot chocolate, gingerbread and mulled wine. Each year, the organizers wish to offer a wide choice of products that can meet the expectations and needs of its visitors. Beyond offering traditional sweet treats, it seeks to enrich its selection of exhibitors by offering the general public new original products. In addition, it wishes to highlight French craftsmanship and know-how through new local and regional exhibitors. Programme d&rsquo;animations Chaque ann\u00e9e, le Village de No\u00ebl de Lille propose un programme d&rsquo;animations avec des ateliers pour enfants les mercredis apr\u00e8s-midi de 15h \u00e0 18h et des spectacles en d\u00e9ambulation les vendredis de 18h \u00e0 20h. En plus de notre programme d\u2019animations, notre nouveau partenaire radio RTL2 va vous proposer deux temps forts vous permettant de remporter de nombreux cadeaux&nbsp;: places de concerts, places de cin\u00e9ma, places de matchs de foot et autres cadeaux et goodies. Les animations se d\u00e9rouleront au niveau de l\u2019entr\u00e9e 2 (rue de la Vieille Com\u00e9die).&nbsp; Vendredi 24 novembre entre 12h et 18h&nbsp; Vendredi 8 d\u00e9cembre entre 12h et 18h Every year, the Christmas market offers a program with workshops for children on Wednesday afternoons from 3 p.m. to 6 p.m. and strolling shows on Fridays from 6 p.m. to 8 p.m. Le chalet de la solidarit\u00e9 Chaque ann\u00e9e, un chalet est d\u00e9di\u00e9 \u00e0 la mise en avant d&rsquo;associations de la m\u00e9tropole lilloise. G\u00e9r\u00e9 par la mairie de quartier de Lille-Centre, un planning est concoct\u00e9 pour permettre le relai de chaque association. Vous pourrez les d\u00e9couvrir et soutenir leur cause. Il est situ\u00e9 en plein centre du Village de No\u00ebl, chalet n\u00b059. Le planning des associations : Centre Social La Busette : du mercredi 22 au vendredi 24 novembre \/ mercredi 27 d\u00e9cembre Wonder Augustine : samedi 25 novembre Les Cousettes : dimanche 26 et lundi 27 novembre La Cloche : mardi 28 et mercredi 29 novembre IME La Roseraie : jeudi 30 novembre Secours Populaire : du vendredi 1er au lundi 4 d\u00e9cembre Secours Catholique : mardi 5 d\u00e9cembre \/ samedi 30 d\u00e9cembre LEDA : mercredi 6 et jeudi 7 d\u00e9cembre \/ jeudi 28 et vendredi 29 d\u00e9cembre Lions Club : du vendredi 8 au lundi 11 d\u00e9cembre Les petits fr\u00e8res des pauvres : mardi 12 d\u00e9cembre Centre Mosa\u00efque : du mercredi 13 au vendredi 15 d\u00e9cembre EOLE : du samedi 16 au lundi 18 d\u00e9cembre \/ dimanche 31 d\u00e9cembre Enfants Victimes de la Nature : du mardi 19 au jeudi 21 d\u00e9cembre TA1AMI : du vendredi 22 au mardi 26 d\u00e9cembre (ferm\u00e9 le 25) Devenir exposant Participer au Village de No\u00ebl en tant qu&rsquo;exposant, c&rsquo;est rencontrer une client\u00e8le \u00e0 l&rsquo;affut de produits originaux, de produits de qualit\u00e9 et de nouveaut\u00e9s. Mais c&rsquo;est aussi rejoindre une famille de commer\u00e7ants et artisans locaux et r\u00e9gionaux o\u00f9 r\u00e8gne bonne humeur et joie de vivre. \u26a0\ufe0f Les candidatures sont closes pour cette ann\u00e9e mais nous vous invitons \u00e0 revenir sur notre site en d\u00e9but d&rsquo;ann\u00e9e 2024 pour t\u00e9l\u00e9charger le dossier de candidature ! Les candidatures sont ensuite cl\u00f4tur\u00e9s \u00e0 la mi-ann\u00e9e pour une s\u00e9lection d\u00e9finitive \u00e0 l&rsquo;\u00e9t\u00e9 2024.","og_url":"http:\/\/noel-a-lille.com\/en\/village-de-noel-de-lille-2023-place-rihour\/","og_site_name":"Village de No\u00ebl de Lille","article_published_time":"2023-02-03T12:27:29+00:00","article_modified_time":"2024-01-04T14:09:24+00:00","og_image":[{"width":1024,"height":576,"url":"http:\/\/noel-a-lille.com\/wp-content\/uploads\/2023\/03\/March\u00e9-de-No\u00ebl-Lille-3-1024x576.jpg","type":"image\/jpeg"}],"author":"FLCAS","twitter_card":"summary_large_image","twitter_misc":{"Written by":"FLCAS","Est. reading time":"6 minutes"},"schema":{"@context":"https:\/\/schema.org","@graph":[{"@type":"Article","@id":"http:\/\/noel-a-lille.com\/village-de-noel-de-lille-2023-place-rihour\/#article","isPartOf":{"@id":"http:\/\/noel-a-lille.com\/village-de-noel-de-lille-2023-place-rihour\/"},"author":{"name":"FLCAS","@id":"http:\/\/noel-a-lille.com\/#\/schema\/person\/aab49807d0c2aba6a2a7749e9ad0b115"},"headline":"Village de No\u00ebl de Lille 2023 : il revient sur la Place Rihour","datePublished":"2023-02-03T12:27:29+00:00","dateModified":"2024-01-04T14:09:24+00:00","mainEntityOfPage":{"@id":"http:\/\/noel-a-lille.com\/village-de-noel-de-lille-2023-place-rihour\/"},"wordCount":1176,"publisher":{"@id":"http:\/\/noel-a-lille.com\/#organization"},"image":{"@id":"http:\/\/noel-a-lille.com\/village-de-noel-de-lille-2023-place-rihour\/#primaryimage"},"thumbnailUrl":"http:\/\/noel-a-lille.com\/wp-content\/uploads\/2023\/03\/March\u00e9-de-No\u00ebl-Lille-3.jpg","articleSection":["ACTUALIT\u00c9"],"inLanguage":"en-US"},{"@type":"WebPage","@id":"http:\/\/noel-a-lille.com\/village-de-noel-de-lille-2023-place-rihour\/","url":"http:\/\/noel-a-lille.com\/village-de-noel-de-lille-2023-place-rihour\/","name":"Village de No\u00ebl de Lille 2023 : il revient sur la Place Rihour - Village de No\u00ebl de Lille","isPartOf":{"@id":"http:\/\/noel-a-lille.com\/#website"},"primaryImageOfPage":{"@id":"http:\/\/noel-a-lille.com\/village-de-noel-de-lille-2023-place-rihour\/#primaryimage"},"image":{"@id":"http:\/\/noel-a-lille.com\/village-de-noel-de-lille-2023-place-rihour\/#primaryimage"},"thumbnailUrl":"http:\/\/noel-a-lille.com\/wp-content\/uploads\/2023\/03\/March\u00e9-de-No\u00ebl-Lille-3.jpg","datePublished":"2023-02-03T12:27:29+00:00","dateModified":"2024-01-04T14:09:24+00:00","breadcrumb":{"@id":"http:\/\/noel-a-lille.com\/village-de-noel-de-lille-2023-place-rihour\/#breadcrumb"},"inLanguage":"en-US","potentialAction":[{"@type":"ReadAction","target":["http:\/\/noel-a-lille.com\/village-de-noel-de-lille-2023-place-rihour\/"]}]},{"@type":"ImageObject","inLanguage":"en-US","@id":"http:\/\/noel-a-lille.com\/village-de-noel-de-lille-2023-place-rihour\/#primaryimage","url":"http:\/\/noel-a-lille.com\/wp-content\/uploads\/2023\/03\/March\u00e9-de-No\u00ebl-Lille-3.jpg","contentUrl":"http:\/\/noel-a-lille.com\/wp-content\/uploads\/2023\/03\/March\u00e9-de-No\u00ebl-Lille-3.jpg","width":3948,"height":2221,"caption":"marche de noel lille"},{"@type":"BreadcrumbList","@id":"http:\/\/noel-a-lille.com\/village-de-noel-de-lille-2023-place-rihour\/#breadcrumb","itemListElement":[{"@type":"ListItem","position":1,"name":"Accueil","item":"http:\/\/noel-a-lille.com\/"},{"@type":"ListItem","position":2,"name":"Village de No\u00ebl de Lille 2023 : il revient sur la Place Rihour"}]},{"@type":"WebSite","@id":"http:\/\/noel-a-lille.com\/#website","url":"http:\/\/noel-a-lille.com\/","name":"Lille Christmas Market","description":"The magic of Christmas in Lille","publisher":{"@id":"http:\/\/noel-a-lille.com\/#organization"},"potentialAction":[{"@type":"SearchAction","target":{"@type":"EntryPoint","urlTemplate":"http:\/\/noel-a-lille.com\/?s={search_term_string}"},"query-input":{"@type":"PropertyValueSpecification","valueRequired":true,"valueName":"search_term_string"}}],"inLanguage":"en-US"},{"@type":"Organization","@id":"http:\/\/noel-a-lille.com\/#organization","name":"Lille Christmas Market","url":"http:\/\/noel-a-lille.com\/","logo":{"@type":"ImageObject","inLanguage":"en-US","@id":"http:\/\/noel-a-lille.com\/#\/schema\/logo\/image\/","url":"http:\/\/noel-a-lille.com\/wp-content\/uploads\/2026\/07\/logo-vdn-couleur-sans-attache.png","contentUrl":"http:\/\/noel-a-lille.com\/wp-content\/uploads\/2026\/07\/logo-vdn-couleur-sans-attache.png","width":893,"height":822,"caption":"Village de No\u00ebl de Lille"},"image":{"@id":"http:\/\/noel-a-lille.com\/#\/schema\/logo\/image\/"},"sameAs":["https:\/\/www.instagram.com\/villagedenoeldelille\/"]},{"@type":"Person","@id":"http:\/\/noel-a-lille.com\/#\/schema\/person\/aab49807d0c2aba6a2a7749e9ad0b115","name":"FLCAS","image":{"@type":"ImageObject","inLanguage":"en-US","@id":"https:\/\/secure.gravatar.com\/avatar\/bfb9c38db73a92ba9c5398970fc38fd55695f27b6352f85b511a7101d1e76dad?s=96&d=mm&r=g","url":"https:\/\/secure.gravatar.com\/avatar\/bfb9c38db73a92ba9c5398970fc38fd55695f27b6352f85b511a7101d1e76dad?s=96&d=mm&r=g","contentUrl":"https:\/\/secure.gravatar.com\/avatar\/bfb9c38db73a92ba9c5398970fc38fd55695f27b6352f85b511a7101d1e76dad?s=96&d=mm&r=g","caption":"FLCAS"},"url":"http:\/\/noel-a-lille.com\/en\/author\/flcas\/"}]}},"_links":{"self":[{"href":"http:\/\/noel-a-lille.com\/en\/wp-json\/wp\/v2\/posts\/1750","targetHints":{"allow":["GET"]}}],"collection":[{"href":"http:\/\/noel-a-lille.com\/en\/wp-json\/wp\/v2\/posts"}],"about":[{"href":"http:\/\/noel-a-lille.com\/en\/wp-json\/wp\/v2\/types\/post"}],"author":[{"embeddable":true,"href":"http:\/\/noel-a-lille.com\/en\/wp-json\/wp\/v2\/users\/1"}],"replies":[{"embeddable":true,"href":"http:\/\/noel-a-lille.com\/en\/wp-json\/wp\/v2\/comments?post=1750"}],"version-history":[{"count":134,"href":"http:\/\/noel-a-lille.com\/en\/wp-json\/wp\/v2\/posts\/1750\/revisions"}],"predecessor-version":[{"id":2388,"href":"http:\/\/noel-a-lille.com\/en\/wp-json\/wp\/v2\/posts\/1750\/revisions\/2388"}],"wp:featuredmedia":[{"embeddable":true,"href":"http:\/\/noel-a-lille.com\/en\/wp-json\/wp\/v2\/media\/1817"}],"wp:attachment":[{"href":"http:\/\/noel-a-lille.com\/en\/wp-json\/wp\/v2\/media?parent=1750"}],"wp:term":[{"taxonomy":"category","embeddable":true,"href":"http:\/\/noel-a-lille.com\/en\/wp-json\/wp\/v2\/categories?post=1750"},{"taxonomy":"post_tag","embeddable":true,"href":"http:\/\/noel-a-lille.com\/en\/wp-json\/wp\/v2\/tags?post=1750"}],"curies":[{"name":"Well played","href":"https:\/\/api.w.org\/{rel}","templated":true}]}}