{"id":1604,"date":"2022-11-02T17:20:40","date_gmt":"2022-11-02T16:20:40","guid":{"rendered":"http:\/\/noel-a-lille.com\/?p=1604"},"modified":"2024-01-17T10:04:20","modified_gmt":"2024-01-17T09:04:20","slug":"un-village-de-noel-de-lille-eco-responsable","status":"publish","type":"post","link":"http:\/\/noel-a-lille.com\/en\/un-village-de-noel-de-lille-eco-responsable\/","title":{"rendered":"Un march\u00e9 de No\u00ebl \u00e9co-responsable"},"content":{"rendered":"<div style=\"height:65px\" aria-hidden=\"true\" class=\"wp-block-spacer\"><\/div>\n\n\n\n<p class=\"wp-block-paragraph\">Depuis plusieurs ann\u00e9es maintenant, la F\u00e9d\u00e9ration Lilloise du Commerce s&rsquo;est lanc\u00e9e dans <strong>une d\u00e9marche \u00e9co-responsable<\/strong> tant au niveau de <strong>sa consommation \u00e9nerg\u00e9tique, du tri s\u00e9lectif des d\u00e9chets ou encore du z\u00e9ro-plastique.<\/strong> Cette ann\u00e9e encore, de nouvelles mesures sont prises pour poursuivre dans cette d\u00e9marche. <\/p>\n\n\n\n<div style=\"height:51px\" aria-hidden=\"true\" class=\"wp-block-spacer\"><\/div>\n\n\n\n<div class=\"wp-block-columns has-2-columns is-layout-flex wp-container-core-columns-is-layout-8f761849 wp-block-columns-is-layout-flex\">\n<div class=\"wp-block-column is-layout-flow wp-block-column-is-layout-flow\">\n<div style=\"height:35px\" aria-hidden=\"true\" class=\"wp-block-spacer\"><\/div>\n\n\n\n<p class=\"wp-block-paragraph\"><strong>Voici un r\u00e9capitulatif des mesures mises en place au sein du Village de No\u00ebl : <\/strong><\/p>\n\n\n\n<div style=\"height:41px\" aria-hidden=\"true\" class=\"wp-block-spacer\"><\/div>\n\n\n\n<p class=\"wp-block-paragraph\">En plus des poubelles publiques, <strong>des bennes destin\u00e9s au tri s\u00e9lectif sont install\u00e9s<\/strong> pour les exposants. Tout plastique a \u00e9t\u00e9 banni. <\/p>\n\n\n\n<div style=\"height:41px\" aria-hidden=\"true\" class=\"wp-block-spacer\"><\/div>\n\n\n\n<p class=\"wp-block-paragraph\">En 2017, nous avons install\u00e9 <strong>un bloc sanitaire adapt\u00e9 permettant d&rsquo;accueillir s\u00e9par\u00e9ment<\/strong> <strong>enfants, femmes, PMR et hommes<\/strong> dans un lieu chauff\u00e9 et constamment nettoy\u00e9.<\/p>\n\n\n\n<div style=\"height:36px\" aria-hidden=\"true\" class=\"wp-block-spacer\"><\/div>\n\n\n\n<p class=\"wp-block-paragraph\">Depuis 2018, <strong>l&rsquo;int\u00e9gralit\u00e9 de notre \u00e9clairage est en LED<\/strong>, que ce soit le fameux ciel lumineux, les d\u00e9cors 3D ou encore les illuminations dispos\u00e9es sur les chalets.<\/p>\n\n\n\n<p class=\"wp-block-paragraph\">Tous les exposants sont amen\u00e9s \u00e0 utiliser uniquement du LED pour la d\u00e9coration de leur chalet. <\/p>\n<\/div>\n\n\n\n<div class=\"wp-block-column is-layout-flow wp-block-column-is-layout-flow\">\n<div class=\"wp-block-image\"><figure class=\"aligncenter\"><img loading=\"lazy\" decoding=\"async\" width=\"1462\" height=\"2228\" src=\"http:\/\/noel-a-lille.com\/wp-content\/uploads\/2022\/11\/Village-de-Noel-de-Lille.jpg\" alt=\"\" class=\"wp-image-1609\" srcset=\"http:\/\/noel-a-lille.com\/wp-content\/uploads\/2022\/11\/Village-de-Noel-de-Lille.jpg 1462w, http:\/\/noel-a-lille.com\/wp-content\/uploads\/2022\/11\/Village-de-Noel-de-Lille-197x300.jpg 197w, http:\/\/noel-a-lille.com\/wp-content\/uploads\/2022\/11\/Village-de-Noel-de-Lille-768x1170.jpg 768w, http:\/\/noel-a-lille.com\/wp-content\/uploads\/2022\/11\/Village-de-Noel-de-Lille-672x1024.jpg 672w, http:\/\/noel-a-lille.com\/wp-content\/uploads\/2022\/11\/Village-de-Noel-de-Lille-1140x1737.jpg 1140w\" sizes=\"(max-width: 1462px) 100vw, 1462px\" \/><\/figure><\/div>\n\n\n\n<p class=\"wp-block-paragraph\"><\/p>\n<\/div>\n<\/div>\n\n\n\n<div style=\"height:130px\" aria-hidden=\"true\" class=\"wp-block-spacer\"><\/div>\n\n\n\n<div class=\"wp-block-columns has-2-columns is-layout-flex wp-container-core-columns-is-layout-8f761849 wp-block-columns-is-layout-flex\">\n<div class=\"wp-block-column is-layout-flow wp-block-column-is-layout-flow\">\n<div class=\"wp-block-image\"><figure class=\"aligncenter\"><img loading=\"lazy\" decoding=\"async\" width=\"1440\" height=\"1800\" src=\"http:\/\/noel-a-lille.com\/wp-content\/uploads\/2022\/02\/271175055_6704251139616090_933582052804045103_n.jpg\" alt=\"\" class=\"wp-image-1035\" srcset=\"http:\/\/noel-a-lille.com\/wp-content\/uploads\/2022\/02\/271175055_6704251139616090_933582052804045103_n.jpg 1440w, http:\/\/noel-a-lille.com\/wp-content\/uploads\/2022\/02\/271175055_6704251139616090_933582052804045103_n-240x300.jpg 240w, http:\/\/noel-a-lille.com\/wp-content\/uploads\/2022\/02\/271175055_6704251139616090_933582052804045103_n-768x960.jpg 768w, http:\/\/noel-a-lille.com\/wp-content\/uploads\/2022\/02\/271175055_6704251139616090_933582052804045103_n-819x1024.jpg 819w, http:\/\/noel-a-lille.com\/wp-content\/uploads\/2022\/02\/271175055_6704251139616090_933582052804045103_n-1140x1425.jpg 1140w\" sizes=\"(max-width: 1440px) 100vw, 1440px\" \/><\/figure><\/div>\n<\/div>\n\n\n\n<div class=\"wp-block-column is-layout-flow wp-block-column-is-layout-flow\">\n<p class=\"wp-block-paragraph\">Egalement depuis 2018, nous avons mis en place <strong>un service de gobelets r\u00e9utilisables avec la soci\u00e9t\u00e9 Reuz.<\/strong> <\/p>\n\n\n\n<p class=\"wp-block-paragraph\">Ces gobelets de 25cl permettent aux exposants proposant de la boisson de proposer un joli gobelet sous forme de caution. Le client peut alors soit garder son Ecocup ou le rendre pour r\u00e9cup\u00e9rer sa caution. <\/p>\n\n\n\n<p class=\"wp-block-paragraph\"><strong>Each year,<\/strong> <strong>un nouveau gobelet fait son apparition, reprenant le visuel de l&rsquo;affiche officielle. <\/strong><\/p>\n\n\n\n<div style=\"height:47px\" aria-hidden=\"true\" class=\"wp-block-spacer\"><\/div>\n\n\n\n<p class=\"wp-block-paragraph\">Depuis 2019,<strong> nous collectons et recyclons les huiles usag\u00e9es&nbsp;des&nbsp;chalets&nbsp;alimentaires.<\/strong><\/p>\n\n\n\n<div style=\"height:41px\" aria-hidden=\"true\" class=\"wp-block-spacer\"><\/div>\n\n\n\n<p class=\"wp-block-paragraph\">En 2021, nous avons renouvel\u00e9 40% de nos chalets <strong>pour un produit fran\u00e7ais<\/strong> de conception moderne (chalets pliables) <strong>permettant de diviser par quatre le bilan carbone <\/strong>g\u00e9n\u00e9r\u00e9 par le transport.<\/p>\n<\/div>\n<\/div>\n\n\n\n<p class=\"wp-block-paragraph\"><br><\/p>\n\n\n\n<div style=\"height:58px\" aria-hidden=\"true\" class=\"wp-block-spacer\"><\/div>\n\n\n\n<div class=\"wp-block-columns has-2-columns is-layout-flex wp-container-core-columns-is-layout-8f761849 wp-block-columns-is-layout-flex\">\n<div class=\"wp-block-column is-layout-flow wp-block-column-is-layout-flow\">\n<p class=\"wp-block-paragraph\"><strong>Depuis 2022, quelques nouveaut\u00e9s et changements se sont ajout\u00e9es :<\/strong><\/p>\n\n\n\n<ul class=\"wp-block-list\"><li><strong>En partenariat avec la soci\u00e9t\u00e9 TchaoMegot<\/strong>, de nouveaux cendriers vont \u00eatre install\u00e9s sur l&rsquo;enceinte du Village de No\u00ebl de Lille. Une fois les cendriers vid\u00e9s, les m\u00e9gots sont transport\u00e9s dans des sacs ignifug\u00e9s et sont ensuite int\u00e9gr\u00e9s \u00e0 un syst\u00e8me de recyclage pour fabriquer des doudounes ou des isolants pour b\u00e2timent. <a href=\"http:\/\/noel-a-lille.com\/en\/participez-au-recyclage-de-vos-megots-sur-le-village-de-noel-de-lille\/\" target=\"_blank\" rel=\"noreferrer noopener\" aria-label=\"En savoir plus. (s\u2019ouvre dans un nouvel onglet)\">En savoir plus.<\/a><\/li><\/ul>\n\n\n\n<p class=\"wp-block-paragraph\"><\/p>\n\n\n\n<ul class=\"wp-block-list\"><li>Comme chaque ann\u00e9e, le Village de No\u00ebl de Lille sera illumin\u00e9 par son traditionnel ciel lumineux et ses d\u00e9cors 3D. Les d\u00e9corations et arbres lumineux ont \u00e9t\u00e9 renouvel\u00e9s et remplac\u00e9s par des d\u00e9cors exclusivement en LED basse consommation. <strong>Les illuminations ne sont allum\u00e9es qu&rsquo;\u00e0 partir de 17h.<\/strong><\/li><\/ul>\n\n\n\n<div style=\"height:51px\" aria-hidden=\"true\" class=\"wp-block-spacer\"><\/div>\n\n\n\n<ul class=\"wp-block-list\"><li>Alors qu&rsquo;auparavant des chauffages \u00e9lectriques \u00e9taient install\u00e9s dans les chalets, ils&nbsp;ont&nbsp;\u00e9t\u00e9&nbsp;retir\u00e9safin de ne pas impacter davantage notre environnement.<strong> <\/strong><\/li><\/ul>\n\n\n\n<p class=\"wp-block-paragraph\"><\/p>\n<\/div>\n\n\n\n<div class=\"wp-block-column is-layout-flow wp-block-column-is-layout-flow\">\n<div class=\"wp-block-image\"><figure class=\"aligncenter is-resized\"><img loading=\"lazy\" decoding=\"async\" src=\"http:\/\/noel-a-lille.com\/wp-content\/uploads\/2022\/11\/DSC05556-1-781x1024.jpg\" alt=\"\" class=\"wp-image-1632\" width=\"365\" height=\"479\" srcset=\"http:\/\/noel-a-lille.com\/wp-content\/uploads\/2022\/11\/DSC05556-1-781x1024.jpg 781w, http:\/\/noel-a-lille.com\/wp-content\/uploads\/2022\/11\/DSC05556-1-229x300.jpg 229w, http:\/\/noel-a-lille.com\/wp-content\/uploads\/2022\/11\/DSC05556-1-768x1007.jpg 768w, http:\/\/noel-a-lille.com\/wp-content\/uploads\/2022\/11\/DSC05556-1-1140x1494.jpg 1140w\" sizes=\"(max-width: 365px) 100vw, 365px\" \/><\/figure><\/div>\n<\/div>\n<\/div>\n\n\n\n<div class=\"wp-block-columns has-2-columns is-layout-flex wp-container-core-columns-is-layout-8f761849 wp-block-columns-is-layout-flex\">\n<div class=\"wp-block-column is-layout-flow wp-block-column-is-layout-flow\"><\/div>\n\n\n\n<div class=\"wp-block-column is-layout-flow wp-block-column-is-layout-flow\">\n<p class=\"wp-block-paragraph\"><\/p>\n<\/div>\n<\/div>\n\n\n\n<div style=\"height:46px\" aria-hidden=\"true\" class=\"wp-block-spacer\"><\/div>\n\n\n\n<p class=\"wp-block-paragraph\"><strong>C&rsquo;est par ces diff\u00e9rentes actions que le Village de No\u00ebl de Lille s&rsquo;inscrit de plus en plus dans une d\u00e9marche \u00e9co-responsable et il continuera d&rsquo;ann\u00e9es en ann\u00e9es. <\/strong><\/p>\n\n\n\n<div style=\"height:42px\" aria-hidden=\"true\" class=\"wp-block-spacer\"><\/div>\n\n\n\n<div class=\"wp-block-image\"><figure class=\"aligncenter is-resized\"><img loading=\"lazy\" decoding=\"async\" src=\"http:\/\/noel-a-lille.com\/wp-content\/uploads\/2022\/11\/logo-eco-resp-1016x1024.png\" alt=\"\" class=\"wp-image-1606\" width=\"214\" height=\"215\" srcset=\"http:\/\/noel-a-lille.com\/wp-content\/uploads\/2022\/11\/logo-eco-resp-1016x1024.png 1016w, http:\/\/noel-a-lille.com\/wp-content\/uploads\/2022\/11\/logo-eco-resp-150x150.png 150w, http:\/\/noel-a-lille.com\/wp-content\/uploads\/2022\/11\/logo-eco-resp-298x300.png 298w, http:\/\/noel-a-lille.com\/wp-content\/uploads\/2022\/11\/logo-eco-resp-768x774.png 768w, http:\/\/noel-a-lille.com\/wp-content\/uploads\/2022\/11\/logo-eco-resp-1140x1149.png 1140w, http:\/\/noel-a-lille.com\/wp-content\/uploads\/2022\/11\/logo-eco-resp-300x300.png 300w, http:\/\/noel-a-lille.com\/wp-content\/uploads\/2022\/11\/logo-eco-resp-75x75.png 75w, http:\/\/noel-a-lille.com\/wp-content\/uploads\/2022\/11\/logo-eco-resp.png 1946w\" sizes=\"(max-width: 214px) 100vw, 214px\" \/><\/figure><\/div>\n\n\n\n<div class=\"wp-block-columns has-2-columns is-layout-flex wp-container-core-columns-is-layout-8f761849 wp-block-columns-is-layout-flex\">\n<div class=\"wp-block-column is-layout-flow wp-block-column-is-layout-flow\"><\/div>\n\n\n\n<div class=\"wp-block-column is-layout-flow wp-block-column-is-layout-flow\">\n<p class=\"wp-block-paragraph\"><\/p>\n<\/div>\n<\/div>","protected":false},"excerpt":{"rendered":"<p>Depuis plusieurs ann\u00e9es maintenant, la F\u00e9d\u00e9ration Lilloise du Commerce s&rsquo;est lanc\u00e9e dans une d\u00e9marche \u00e9co-responsable tant au niveau de sa consommation \u00e9nerg\u00e9tique, du tri s\u00e9lectif des d\u00e9chets ou encore du z\u00e9ro-plastique. Cette ann\u00e9e encore, de nouvelles mesures sont prises pour poursuivre dans cette d\u00e9marche. Voici un r\u00e9capitulatif des mesures mises en place au sein du Village de No\u00ebl : En plus des poubelles publiques, des bennes destin\u00e9s au tri s\u00e9lectif sont install\u00e9s pour les exposants. Tout plastique a \u00e9t\u00e9 banni. En 2017, nous avons install\u00e9 un bloc sanitaire adapt\u00e9 permettant d&rsquo;accueillir s\u00e9par\u00e9ment enfants, femmes, PMR et hommes dans un lieu chauff\u00e9 et constamment nettoy\u00e9. Depuis 2018, l&rsquo;int\u00e9gralit\u00e9 de notre \u00e9clairage est en LED, que ce soit le fameux ciel lumineux, les d\u00e9cors 3D ou encore les illuminations dispos\u00e9es sur les chalets. Tous les exposants sont amen\u00e9s \u00e0 utiliser uniquement du LED pour la d\u00e9coration de leur chalet. Egalement depuis 2018, nous avons mis en place un service de gobelets r\u00e9utilisables avec la soci\u00e9t\u00e9 Reuz. Ces gobelets de 25cl permettent aux exposants proposant de la boisson de proposer un joli gobelet sous forme de caution. Le client peut alors soit garder son Ecocup ou le rendre pour r\u00e9cup\u00e9rer sa caution. Chaque ann\u00e9e, un nouveau gobelet fait son apparition, reprenant le visuel de l&rsquo;affiche officielle. Depuis 2019, nous collectons et recyclons les huiles usag\u00e9es&nbsp;des&nbsp;chalets&nbsp;alimentaires. En 2021, nous avons renouvel\u00e9 40% de nos chalets pour un produit fran\u00e7ais de conception moderne (chalets pliables) permettant de diviser par quatre le bilan carbone g\u00e9n\u00e9r\u00e9 par le transport. Depuis 2022, quelques nouveaut\u00e9s et changements se sont ajout\u00e9es : En partenariat avec la soci\u00e9t\u00e9 TchaoMegot, de nouveaux cendriers vont \u00eatre install\u00e9s sur l&rsquo;enceinte du Village de No\u00ebl de Lille. Une fois les cendriers vid\u00e9s, les m\u00e9gots sont transport\u00e9s dans des sacs ignifug\u00e9s et sont ensuite int\u00e9gr\u00e9s \u00e0 un syst\u00e8me de recyclage pour fabriquer des doudounes ou des isolants pour b\u00e2timent. En savoir plus. Comme chaque ann\u00e9e, le Village de No\u00ebl de Lille sera illumin\u00e9 par son traditionnel ciel lumineux et ses d\u00e9cors 3D. Les d\u00e9corations et arbres lumineux ont \u00e9t\u00e9 renouvel\u00e9s et remplac\u00e9s par des d\u00e9cors exclusivement en LED basse consommation. Les illuminations ne sont allum\u00e9es qu&rsquo;\u00e0 partir de 17h. Alors qu&rsquo;auparavant des chauffages \u00e9lectriques \u00e9taient install\u00e9s dans les chalets, ils&nbsp;ont&nbsp;\u00e9t\u00e9&nbsp;retir\u00e9safin de ne pas impacter davantage notre environnement. C&rsquo;est par ces diff\u00e9rentes actions que le Village de No\u00ebl de Lille s&rsquo;inscrit de plus en plus dans une d\u00e9marche \u00e9co-responsable et il continuera d&rsquo;ann\u00e9es en ann\u00e9es.<\/p>","protected":false},"author":1,"featured_media":2406,"comment_status":"closed","ping_status":"closed","sticky":false,"template":"","format":"standard","meta":{"saved_in_kubio":false,"footnotes":""},"categories":[6],"tags":[],"class_list":["post-1604","post","type-post","status-publish","format-standard","has-post-thumbnail","hentry","category-actus"],"yoast_head":"<!-- This site is optimized with the Yoast SEO plugin v28.4 - https:\/\/yoast.com\/product\/yoast-seo-wordpress\/ -->\n<title>Un march\u00e9 de No\u00ebl \u00e9co-responsable - Village de No\u00ebl de Lille<\/title>\n<meta name=\"robots\" content=\"index, follow, max-snippet:-1, max-image-preview:large, max-video-preview:-1\" \/>\n<link rel=\"canonical\" href=\"http:\/\/noel-a-lille.com\/en\/un-village-de-noel-de-lille-eco-responsable\/\" \/>\n<meta property=\"og:locale\" content=\"en_US\" \/>\n<meta property=\"og:type\" content=\"article\" \/>\n<meta property=\"og:title\" content=\"Un march\u00e9 de No\u00ebl \u00e9co-responsable - Village de No\u00ebl de Lille\" \/>\n<meta property=\"og:description\" content=\"Depuis plusieurs ann\u00e9es maintenant, la F\u00e9d\u00e9ration Lilloise du Commerce s&rsquo;est lanc\u00e9e dans une d\u00e9marche \u00e9co-responsable tant au niveau de sa consommation \u00e9nerg\u00e9tique, du tri s\u00e9lectif des d\u00e9chets ou encore du z\u00e9ro-plastique. Cette ann\u00e9e encore, de nouvelles mesures sont prises pour poursuivre dans cette d\u00e9marche. Voici un r\u00e9capitulatif des mesures mises en place au sein du Village de No\u00ebl : En plus des poubelles publiques, des bennes destin\u00e9s au tri s\u00e9lectif sont install\u00e9s pour les exposants. Tout plastique a \u00e9t\u00e9 banni. En 2017, nous avons install\u00e9 un bloc sanitaire adapt\u00e9 permettant d&rsquo;accueillir s\u00e9par\u00e9ment enfants, femmes, PMR et hommes dans un lieu chauff\u00e9 et constamment nettoy\u00e9. Depuis 2018, l&rsquo;int\u00e9gralit\u00e9 de notre \u00e9clairage est en LED, que ce soit le fameux ciel lumineux, les d\u00e9cors 3D ou encore les illuminations dispos\u00e9es sur les chalets. Tous les exposants sont amen\u00e9s \u00e0 utiliser uniquement du LED pour la d\u00e9coration de leur chalet. Egalement depuis 2018, nous avons mis en place un service de gobelets r\u00e9utilisables avec la soci\u00e9t\u00e9 Reuz. Ces gobelets de 25cl permettent aux exposants proposant de la boisson de proposer un joli gobelet sous forme de caution. Le client peut alors soit garder son Ecocup ou le rendre pour r\u00e9cup\u00e9rer sa caution. Chaque ann\u00e9e, un nouveau gobelet fait son apparition, reprenant le visuel de l&rsquo;affiche officielle. Depuis 2019, nous collectons et recyclons les huiles usag\u00e9es&nbsp;des&nbsp;chalets&nbsp;alimentaires. En 2021, nous avons renouvel\u00e9 40% de nos chalets pour un produit fran\u00e7ais de conception moderne (chalets pliables) permettant de diviser par quatre le bilan carbone g\u00e9n\u00e9r\u00e9 par le transport. Depuis 2022, quelques nouveaut\u00e9s et changements se sont ajout\u00e9es : En partenariat avec la soci\u00e9t\u00e9 TchaoMegot, de nouveaux cendriers vont \u00eatre install\u00e9s sur l&rsquo;enceinte du Village de No\u00ebl de Lille. Une fois les cendriers vid\u00e9s, les m\u00e9gots sont transport\u00e9s dans des sacs ignifug\u00e9s et sont ensuite int\u00e9gr\u00e9s \u00e0 un syst\u00e8me de recyclage pour fabriquer des doudounes ou des isolants pour b\u00e2timent. En savoir plus. Comme chaque ann\u00e9e, le Village de No\u00ebl de Lille sera illumin\u00e9 par son traditionnel ciel lumineux et ses d\u00e9cors 3D. Les d\u00e9corations et arbres lumineux ont \u00e9t\u00e9 renouvel\u00e9s et remplac\u00e9s par des d\u00e9cors exclusivement en LED basse consommation. Les illuminations ne sont allum\u00e9es qu&rsquo;\u00e0 partir de 17h. Alors qu&rsquo;auparavant des chauffages \u00e9lectriques \u00e9taient install\u00e9s dans les chalets, ils&nbsp;ont&nbsp;\u00e9t\u00e9&nbsp;retir\u00e9safin de ne pas impacter davantage notre environnement. C&rsquo;est par ces diff\u00e9rentes actions que le Village de No\u00ebl de Lille s&rsquo;inscrit de plus en plus dans une d\u00e9marche \u00e9co-responsable et il continuera d&rsquo;ann\u00e9es en ann\u00e9es.\" \/>\n<meta property=\"og:url\" content=\"http:\/\/noel-a-lille.com\/en\/un-village-de-noel-de-lille-eco-responsable\/\" \/>\n<meta property=\"og:site_name\" content=\"Village de No\u00ebl de Lille\" \/>\n<meta property=\"article:published_time\" content=\"2022-11-02T16:20:40+00:00\" \/>\n<meta property=\"article:modified_time\" content=\"2024-01-17T09:04:20+00:00\" \/>\n<meta property=\"og:image\" content=\"http:\/\/noel-a-lille.com\/wp-content\/uploads\/2022\/11\/DSC0930.jpg\" \/>\n\t<meta property=\"og:image:width\" content=\"2048\" \/>\n\t<meta property=\"og:image:height\" content=\"1368\" \/>\n\t<meta property=\"og:image:type\" content=\"image\/jpeg\" \/>\n<meta name=\"author\" content=\"FLCAS\" \/>\n<meta name=\"twitter:card\" content=\"summary_large_image\" \/>\n<meta name=\"twitter:label1\" content=\"Written by\" \/>\n\t<meta name=\"twitter:data1\" content=\"FLCAS\" \/>\n\t<meta name=\"twitter:label2\" content=\"Est. reading time\" \/>\n\t<meta name=\"twitter:data2\" content=\"2 minutes\" \/>\n<script type=\"application\/ld+json\" class=\"yoast-schema-graph\">{\"@context\":\"https:\\\/\\\/schema.org\",\"@graph\":[{\"@type\":\"Article\",\"@id\":\"http:\\\/\\\/noel-a-lille.com\\\/un-village-de-noel-de-lille-eco-responsable\\\/#article\",\"isPartOf\":{\"@id\":\"http:\\\/\\\/noel-a-lille.com\\\/un-village-de-noel-de-lille-eco-responsable\\\/\"},\"author\":{\"name\":\"FLCAS\",\"@id\":\"http:\\\/\\\/noel-a-lille.com\\\/#\\\/schema\\\/person\\\/aab49807d0c2aba6a2a7749e9ad0b115\"},\"headline\":\"Un march\u00e9 de No\u00ebl \u00e9co-responsable\",\"datePublished\":\"2022-11-02T16:20:40+00:00\",\"dateModified\":\"2024-01-17T09:04:20+00:00\",\"mainEntityOfPage\":{\"@id\":\"http:\\\/\\\/noel-a-lille.com\\\/un-village-de-noel-de-lille-eco-responsable\\\/\"},\"wordCount\":484,\"publisher\":{\"@id\":\"http:\\\/\\\/noel-a-lille.com\\\/#organization\"},\"image\":{\"@id\":\"http:\\\/\\\/noel-a-lille.com\\\/un-village-de-noel-de-lille-eco-responsable\\\/#primaryimage\"},\"thumbnailUrl\":\"http:\\\/\\\/noel-a-lille.com\\\/wp-content\\\/uploads\\\/2022\\\/11\\\/DSC0930.jpg\",\"articleSection\":[\"ACTUALIT\u00c9\"],\"inLanguage\":\"en-US\"},{\"@type\":\"WebPage\",\"@id\":\"http:\\\/\\\/noel-a-lille.com\\\/un-village-de-noel-de-lille-eco-responsable\\\/\",\"url\":\"http:\\\/\\\/noel-a-lille.com\\\/un-village-de-noel-de-lille-eco-responsable\\\/\",\"name\":\"Un march\u00e9 de No\u00ebl \u00e9co-responsable - Village de No\u00ebl de Lille\",\"isPartOf\":{\"@id\":\"http:\\\/\\\/noel-a-lille.com\\\/#website\"},\"primaryImageOfPage\":{\"@id\":\"http:\\\/\\\/noel-a-lille.com\\\/un-village-de-noel-de-lille-eco-responsable\\\/#primaryimage\"},\"image\":{\"@id\":\"http:\\\/\\\/noel-a-lille.com\\\/un-village-de-noel-de-lille-eco-responsable\\\/#primaryimage\"},\"thumbnailUrl\":\"http:\\\/\\\/noel-a-lille.com\\\/wp-content\\\/uploads\\\/2022\\\/11\\\/DSC0930.jpg\",\"datePublished\":\"2022-11-02T16:20:40+00:00\",\"dateModified\":\"2024-01-17T09:04:20+00:00\",\"breadcrumb\":{\"@id\":\"http:\\\/\\\/noel-a-lille.com\\\/un-village-de-noel-de-lille-eco-responsable\\\/#breadcrumb\"},\"inLanguage\":\"en-US\",\"potentialAction\":[{\"@type\":\"ReadAction\",\"target\":[\"http:\\\/\\\/noel-a-lille.com\\\/un-village-de-noel-de-lille-eco-responsable\\\/\"]}]},{\"@type\":\"ImageObject\",\"inLanguage\":\"en-US\",\"@id\":\"http:\\\/\\\/noel-a-lille.com\\\/un-village-de-noel-de-lille-eco-responsable\\\/#primaryimage\",\"url\":\"http:\\\/\\\/noel-a-lille.com\\\/wp-content\\\/uploads\\\/2022\\\/11\\\/DSC0930.jpg\",\"contentUrl\":\"http:\\\/\\\/noel-a-lille.com\\\/wp-content\\\/uploads\\\/2022\\\/11\\\/DSC0930.jpg\",\"width\":2048,\"height\":1368},{\"@type\":\"BreadcrumbList\",\"@id\":\"http:\\\/\\\/noel-a-lille.com\\\/un-village-de-noel-de-lille-eco-responsable\\\/#breadcrumb\",\"itemListElement\":[{\"@type\":\"ListItem\",\"position\":1,\"name\":\"Accueil\",\"item\":\"http:\\\/\\\/noel-a-lille.com\\\/\"},{\"@type\":\"ListItem\",\"position\":2,\"name\":\"Un march\u00e9 de No\u00ebl \u00e9co-responsable\"}]},{\"@type\":\"WebSite\",\"@id\":\"http:\\\/\\\/noel-a-lille.com\\\/#website\",\"url\":\"http:\\\/\\\/noel-a-lille.com\\\/\",\"name\":\"Village de No\u00ebl de Lille\",\"description\":\"La magie de No\u00ebl \u00e0 Lille\",\"publisher\":{\"@id\":\"http:\\\/\\\/noel-a-lille.com\\\/#organization\"},\"potentialAction\":[{\"@type\":\"SearchAction\",\"target\":{\"@type\":\"EntryPoint\",\"urlTemplate\":\"http:\\\/\\\/noel-a-lille.com\\\/?s={search_term_string}\"},\"query-input\":{\"@type\":\"PropertyValueSpecification\",\"valueRequired\":true,\"valueName\":\"search_term_string\"}}],\"inLanguage\":\"en-US\"},{\"@type\":\"Organization\",\"@id\":\"http:\\\/\\\/noel-a-lille.com\\\/#organization\",\"name\":\"Village de No\u00ebl de Lille\",\"url\":\"http:\\\/\\\/noel-a-lille.com\\\/\",\"logo\":{\"@type\":\"ImageObject\",\"inLanguage\":\"en-US\",\"@id\":\"http:\\\/\\\/noel-a-lille.com\\\/#\\\/schema\\\/logo\\\/image\\\/\",\"url\":\"http:\\\/\\\/noel-a-lille.com\\\/wp-content\\\/uploads\\\/2026\\\/07\\\/logo-vdn-couleur-sans-attache.png\",\"contentUrl\":\"http:\\\/\\\/noel-a-lille.com\\\/wp-content\\\/uploads\\\/2026\\\/07\\\/logo-vdn-couleur-sans-attache.png\",\"width\":893,\"height\":822,\"caption\":\"Village de No\u00ebl de Lille\"},\"image\":{\"@id\":\"http:\\\/\\\/noel-a-lille.com\\\/#\\\/schema\\\/logo\\\/image\\\/\"},\"sameAs\":[\"https:\\\/\\\/www.instagram.com\\\/villagedenoeldelille\\\/\"]},{\"@type\":\"Person\",\"@id\":\"http:\\\/\\\/noel-a-lille.com\\\/#\\\/schema\\\/person\\\/aab49807d0c2aba6a2a7749e9ad0b115\",\"name\":\"FLCAS\",\"image\":{\"@type\":\"ImageObject\",\"inLanguage\":\"en-US\",\"@id\":\"https:\\\/\\\/secure.gravatar.com\\\/avatar\\\/bfb9c38db73a92ba9c5398970fc38fd55695f27b6352f85b511a7101d1e76dad?s=96&d=mm&r=g\",\"url\":\"https:\\\/\\\/secure.gravatar.com\\\/avatar\\\/bfb9c38db73a92ba9c5398970fc38fd55695f27b6352f85b511a7101d1e76dad?s=96&d=mm&r=g\",\"contentUrl\":\"https:\\\/\\\/secure.gravatar.com\\\/avatar\\\/bfb9c38db73a92ba9c5398970fc38fd55695f27b6352f85b511a7101d1e76dad?s=96&d=mm&r=g\",\"caption\":\"FLCAS\"},\"url\":\"http:\\\/\\\/noel-a-lille.com\\\/en\\\/author\\\/flcas\\\/\"}]}<\/script>\n<!-- \/ Yoast SEO plugin. -->","yoast_head_json":{"title":"Un march\u00e9 de No\u00ebl \u00e9co-responsable - Village de No\u00ebl de Lille","robots":{"index":"index","follow":"follow","max-snippet":"max-snippet:-1","max-image-preview":"max-image-preview:large","max-video-preview":"max-video-preview:-1"},"canonical":"http:\/\/noel-a-lille.com\/en\/un-village-de-noel-de-lille-eco-responsable\/","og_locale":"en_US","og_type":"article","og_title":"Un march\u00e9 de No\u00ebl \u00e9co-responsable - Village de No\u00ebl de Lille","og_description":"Depuis plusieurs ann\u00e9es maintenant, la F\u00e9d\u00e9ration Lilloise du Commerce s&rsquo;est lanc\u00e9e dans une d\u00e9marche \u00e9co-responsable tant au niveau de sa consommation \u00e9nerg\u00e9tique, du tri s\u00e9lectif des d\u00e9chets ou encore du z\u00e9ro-plastique. Cette ann\u00e9e encore, de nouvelles mesures sont prises pour poursuivre dans cette d\u00e9marche. Voici un r\u00e9capitulatif des mesures mises en place au sein du Village de No\u00ebl : En plus des poubelles publiques, des bennes destin\u00e9s au tri s\u00e9lectif sont install\u00e9s pour les exposants. Tout plastique a \u00e9t\u00e9 banni. En 2017, nous avons install\u00e9 un bloc sanitaire adapt\u00e9 permettant d&rsquo;accueillir s\u00e9par\u00e9ment enfants, femmes, PMR et hommes dans un lieu chauff\u00e9 et constamment nettoy\u00e9. Depuis 2018, l&rsquo;int\u00e9gralit\u00e9 de notre \u00e9clairage est en LED, que ce soit le fameux ciel lumineux, les d\u00e9cors 3D ou encore les illuminations dispos\u00e9es sur les chalets. Tous les exposants sont amen\u00e9s \u00e0 utiliser uniquement du LED pour la d\u00e9coration de leur chalet. Egalement depuis 2018, nous avons mis en place un service de gobelets r\u00e9utilisables avec la soci\u00e9t\u00e9 Reuz. Ces gobelets de 25cl permettent aux exposants proposant de la boisson de proposer un joli gobelet sous forme de caution. Le client peut alors soit garder son Ecocup ou le rendre pour r\u00e9cup\u00e9rer sa caution. Chaque ann\u00e9e, un nouveau gobelet fait son apparition, reprenant le visuel de l&rsquo;affiche officielle. Depuis 2019, nous collectons et recyclons les huiles usag\u00e9es&nbsp;des&nbsp;chalets&nbsp;alimentaires. En 2021, nous avons renouvel\u00e9 40% de nos chalets pour un produit fran\u00e7ais de conception moderne (chalets pliables) permettant de diviser par quatre le bilan carbone g\u00e9n\u00e9r\u00e9 par le transport. Depuis 2022, quelques nouveaut\u00e9s et changements se sont ajout\u00e9es : En partenariat avec la soci\u00e9t\u00e9 TchaoMegot, de nouveaux cendriers vont \u00eatre install\u00e9s sur l&rsquo;enceinte du Village de No\u00ebl de Lille. Une fois les cendriers vid\u00e9s, les m\u00e9gots sont transport\u00e9s dans des sacs ignifug\u00e9s et sont ensuite int\u00e9gr\u00e9s \u00e0 un syst\u00e8me de recyclage pour fabriquer des doudounes ou des isolants pour b\u00e2timent. En savoir plus. Comme chaque ann\u00e9e, le Village de No\u00ebl de Lille sera illumin\u00e9 par son traditionnel ciel lumineux et ses d\u00e9cors 3D. Les d\u00e9corations et arbres lumineux ont \u00e9t\u00e9 renouvel\u00e9s et remplac\u00e9s par des d\u00e9cors exclusivement en LED basse consommation. Les illuminations ne sont allum\u00e9es qu&rsquo;\u00e0 partir de 17h. Alors qu&rsquo;auparavant des chauffages \u00e9lectriques \u00e9taient install\u00e9s dans les chalets, ils&nbsp;ont&nbsp;\u00e9t\u00e9&nbsp;retir\u00e9safin de ne pas impacter davantage notre environnement. C&rsquo;est par ces diff\u00e9rentes actions que le Village de No\u00ebl de Lille s&rsquo;inscrit de plus en plus dans une d\u00e9marche \u00e9co-responsable et il continuera d&rsquo;ann\u00e9es en ann\u00e9es.","og_url":"http:\/\/noel-a-lille.com\/en\/un-village-de-noel-de-lille-eco-responsable\/","og_site_name":"Village de No\u00ebl de Lille","article_published_time":"2022-11-02T16:20:40+00:00","article_modified_time":"2024-01-17T09:04:20+00:00","og_image":[{"width":2048,"height":1368,"url":"http:\/\/noel-a-lille.com\/wp-content\/uploads\/2022\/11\/DSC0930.jpg","type":"image\/jpeg"}],"author":"FLCAS","twitter_card":"summary_large_image","twitter_misc":{"Written by":"FLCAS","Est. reading time":"2 minutes"},"schema":{"@context":"https:\/\/schema.org","@graph":[{"@type":"Article","@id":"http:\/\/noel-a-lille.com\/un-village-de-noel-de-lille-eco-responsable\/#article","isPartOf":{"@id":"http:\/\/noel-a-lille.com\/un-village-de-noel-de-lille-eco-responsable\/"},"author":{"name":"FLCAS","@id":"http:\/\/noel-a-lille.com\/#\/schema\/person\/aab49807d0c2aba6a2a7749e9ad0b115"},"headline":"Un march\u00e9 de No\u00ebl \u00e9co-responsable","datePublished":"2022-11-02T16:20:40+00:00","dateModified":"2024-01-17T09:04:20+00:00","mainEntityOfPage":{"@id":"http:\/\/noel-a-lille.com\/un-village-de-noel-de-lille-eco-responsable\/"},"wordCount":484,"publisher":{"@id":"http:\/\/noel-a-lille.com\/#organization"},"image":{"@id":"http:\/\/noel-a-lille.com\/un-village-de-noel-de-lille-eco-responsable\/#primaryimage"},"thumbnailUrl":"http:\/\/noel-a-lille.com\/wp-content\/uploads\/2022\/11\/DSC0930.jpg","articleSection":["ACTUALIT\u00c9"],"inLanguage":"en-US"},{"@type":"WebPage","@id":"http:\/\/noel-a-lille.com\/un-village-de-noel-de-lille-eco-responsable\/","url":"http:\/\/noel-a-lille.com\/un-village-de-noel-de-lille-eco-responsable\/","name":"Un march\u00e9 de No\u00ebl \u00e9co-responsable - Village de No\u00ebl de Lille","isPartOf":{"@id":"http:\/\/noel-a-lille.com\/#website"},"primaryImageOfPage":{"@id":"http:\/\/noel-a-lille.com\/un-village-de-noel-de-lille-eco-responsable\/#primaryimage"},"image":{"@id":"http:\/\/noel-a-lille.com\/un-village-de-noel-de-lille-eco-responsable\/#primaryimage"},"thumbnailUrl":"http:\/\/noel-a-lille.com\/wp-content\/uploads\/2022\/11\/DSC0930.jpg","datePublished":"2022-11-02T16:20:40+00:00","dateModified":"2024-01-17T09:04:20+00:00","breadcrumb":{"@id":"http:\/\/noel-a-lille.com\/un-village-de-noel-de-lille-eco-responsable\/#breadcrumb"},"inLanguage":"en-US","potentialAction":[{"@type":"ReadAction","target":["http:\/\/noel-a-lille.com\/un-village-de-noel-de-lille-eco-responsable\/"]}]},{"@type":"ImageObject","inLanguage":"en-US","@id":"http:\/\/noel-a-lille.com\/un-village-de-noel-de-lille-eco-responsable\/#primaryimage","url":"http:\/\/noel-a-lille.com\/wp-content\/uploads\/2022\/11\/DSC0930.jpg","contentUrl":"http:\/\/noel-a-lille.com\/wp-content\/uploads\/2022\/11\/DSC0930.jpg","width":2048,"height":1368},{"@type":"BreadcrumbList","@id":"http:\/\/noel-a-lille.com\/un-village-de-noel-de-lille-eco-responsable\/#breadcrumb","itemListElement":[{"@type":"ListItem","position":1,"name":"Accueil","item":"http:\/\/noel-a-lille.com\/"},{"@type":"ListItem","position":2,"name":"Un march\u00e9 de No\u00ebl \u00e9co-responsable"}]},{"@type":"WebSite","@id":"http:\/\/noel-a-lille.com\/#website","url":"http:\/\/noel-a-lille.com\/","name":"Lille Christmas Market","description":"The magic of Christmas in Lille","publisher":{"@id":"http:\/\/noel-a-lille.com\/#organization"},"potentialAction":[{"@type":"SearchAction","target":{"@type":"EntryPoint","urlTemplate":"http:\/\/noel-a-lille.com\/?s={search_term_string}"},"query-input":{"@type":"PropertyValueSpecification","valueRequired":true,"valueName":"search_term_string"}}],"inLanguage":"en-US"},{"@type":"Organization","@id":"http:\/\/noel-a-lille.com\/#organization","name":"Lille Christmas Market","url":"http:\/\/noel-a-lille.com\/","logo":{"@type":"ImageObject","inLanguage":"en-US","@id":"http:\/\/noel-a-lille.com\/#\/schema\/logo\/image\/","url":"http:\/\/noel-a-lille.com\/wp-content\/uploads\/2026\/07\/logo-vdn-couleur-sans-attache.png","contentUrl":"http:\/\/noel-a-lille.com\/wp-content\/uploads\/2026\/07\/logo-vdn-couleur-sans-attache.png","width":893,"height":822,"caption":"Village de No\u00ebl de Lille"},"image":{"@id":"http:\/\/noel-a-lille.com\/#\/schema\/logo\/image\/"},"sameAs":["https:\/\/www.instagram.com\/villagedenoeldelille\/"]},{"@type":"Person","@id":"http:\/\/noel-a-lille.com\/#\/schema\/person\/aab49807d0c2aba6a2a7749e9ad0b115","name":"FLCAS","image":{"@type":"ImageObject","inLanguage":"en-US","@id":"https:\/\/secure.gravatar.com\/avatar\/bfb9c38db73a92ba9c5398970fc38fd55695f27b6352f85b511a7101d1e76dad?s=96&d=mm&r=g","url":"https:\/\/secure.gravatar.com\/avatar\/bfb9c38db73a92ba9c5398970fc38fd55695f27b6352f85b511a7101d1e76dad?s=96&d=mm&r=g","contentUrl":"https:\/\/secure.gravatar.com\/avatar\/bfb9c38db73a92ba9c5398970fc38fd55695f27b6352f85b511a7101d1e76dad?s=96&d=mm&r=g","caption":"FLCAS"},"url":"http:\/\/noel-a-lille.com\/en\/author\/flcas\/"}]}},"_links":{"self":[{"href":"http:\/\/noel-a-lille.com\/en\/wp-json\/wp\/v2\/posts\/1604","targetHints":{"allow":["GET"]}}],"collection":[{"href":"http:\/\/noel-a-lille.com\/en\/wp-json\/wp\/v2\/posts"}],"about":[{"href":"http:\/\/noel-a-lille.com\/en\/wp-json\/wp\/v2\/types\/post"}],"author":[{"embeddable":true,"href":"http:\/\/noel-a-lille.com\/en\/wp-json\/wp\/v2\/users\/1"}],"replies":[{"embeddable":true,"href":"http:\/\/noel-a-lille.com\/en\/wp-json\/wp\/v2\/comments?post=1604"}],"version-history":[{"count":53,"href":"http:\/\/noel-a-lille.com\/en\/wp-json\/wp\/v2\/posts\/1604\/revisions"}],"predecessor-version":[{"id":2405,"href":"http:\/\/noel-a-lille.com\/en\/wp-json\/wp\/v2\/posts\/1604\/revisions\/2405"}],"wp:featuredmedia":[{"embeddable":true,"href":"http:\/\/noel-a-lille.com\/en\/wp-json\/wp\/v2\/media\/2406"}],"wp:attachment":[{"href":"http:\/\/noel-a-lille.com\/en\/wp-json\/wp\/v2\/media?parent=1604"}],"wp:term":[{"taxonomy":"category","embeddable":true,"href":"http:\/\/noel-a-lille.com\/en\/wp-json\/wp\/v2\/categories?post=1604"},{"taxonomy":"post_tag","embeddable":true,"href":"http:\/\/noel-a-lille.com\/en\/wp-json\/wp\/v2\/tags?post=1604"}],"curies":[{"name":"Well played","href":"https:\/\/api.w.org\/{rel}","templated":true}]}}