{"id":1477,"date":"2022-09-19T13:28:08","date_gmt":"2022-09-19T11:28:08","guid":{"rendered":"http:\/\/noel-a-lille.com\/?p=1477"},"modified":"2024-01-15T09:21:39","modified_gmt":"2024-01-15T08:21:39","slug":"le-village-de-noel-de-lille-revient-du-18-novembre-au-30-decembre-2022","status":"publish","type":"post","link":"http:\/\/noel-a-lille.com\/en\/le-village-de-noel-de-lille-revient-du-18-novembre-au-30-decembre-2022\/","title":{"rendered":"Le Village de No\u00ebl de Lille revient du 18 novembre au 31 d\u00e9cembre 2022"},"content":{"rendered":"<div style=\"height:55px\" aria-hidden=\"true\" class=\"wp-block-spacer\"><\/div>\n\n\n\n<p class=\"has-normal-font-size wp-block-paragraph\">\u00c7a y est, vous pouvez pr\u00e9parer votre venue \u00e0 Lille pour les f\u00eates de fin d&rsquo;ann\u00e9e : <strong>le Village de No\u00ebl de Lille revient sur la Place Rihour du 18 novembre au 30 d\u00e9cembre 2022<\/strong>. <\/p>\n\n\n\n<div style=\"height:25px\" aria-hidden=\"true\" class=\"wp-block-spacer\"><\/div>\n\n\n\n<p class=\"has-normal-font-size wp-block-paragraph\">Maintenant que le temps se rafraichit, on a qu&rsquo;une envie, c&rsquo;est de remettre les v\u00eatements d&rsquo;hiver et de se r\u00e9chauffer avec une bonne boisson chaude. <\/p>\n\n\n\n<div style=\"height:33px\" aria-hidden=\"true\" class=\"wp-block-spacer\"><\/div>\n\n\n\n<p class=\"has-normal-font-size wp-block-paragraph\"><strong>Plus que deux mois avant de pouvoir \u00e0 nouveau d\u00e9ambuler dans les all\u00e9es du march\u00e9 de No\u00ebl de Lille et d\u00e9guster un bon vin chaud. <\/strong><\/p>\n\n\n\n<div style=\"height:100px\" aria-hidden=\"true\" class=\"wp-block-spacer\"><\/div>\n\n\n\n<h3 class=\"wp-block-heading\">Les jours et horaires d&rsquo;ouvertures<\/h3>\n\n\n\n<div style=\"height:38px\" aria-hidden=\"true\" class=\"wp-block-spacer\"><\/div>\n\n\n\n<p class=\"wp-block-paragraph\"><strong>Du lundi au jeudi :<\/strong> 11h00 \u00e0 20h30<\/p>\n\n\n\n<p class=\"wp-block-paragraph\"><strong>Vendredi et samedi :<\/strong> 11h00 \u00e0 22h00<\/p>\n\n\n\n<p class=\"wp-block-paragraph\"><strong>Dimanche :<\/strong> 11h00 \u00e0 20h30<\/p>\n\n\n\n<p class=\"wp-block-paragraph\">Fermeture exceptionnelle \u00e0 18h le 24 d\u00e9cembre. Ferm\u00e9 le 25 d\u00e9cembre. Fermeture \u00e0 20h le 30 d\u00e9cembre. <\/p>\n\n\n\n<div style=\"height:85px\" aria-hidden=\"true\" class=\"wp-block-spacer\"><\/div>\n\n\n\n<h3 class=\"wp-block-heading\">Les commer\u00e7ants-artisans<\/h3>\n\n\n\n<div style=\"height:44px\" aria-hidden=\"true\" class=\"wp-block-spacer\"><\/div>\n\n\n\n<div class=\"wp-block-columns has-2-columns is-layout-flex wp-container-core-columns-is-layout-8f761849 wp-block-columns-is-layout-flex\">\n<div class=\"wp-block-column is-layout-flow wp-block-column-is-layout-flow\">\n<figure class=\"wp-block-image\"><img loading=\"lazy\" decoding=\"async\" width=\"683\" height=\"1024\" src=\"http:\/\/noel-a-lille.com\/wp-content\/uploads\/2022\/02\/DSC04659-683x1024.jpg\" alt=\"\" class=\"wp-image-1031\" srcset=\"http:\/\/noel-a-lille.com\/wp-content\/uploads\/2022\/02\/DSC04659-683x1024.jpg 683w, http:\/\/noel-a-lille.com\/wp-content\/uploads\/2022\/02\/DSC04659-200x300.jpg 200w, http:\/\/noel-a-lille.com\/wp-content\/uploads\/2022\/02\/DSC04659-768x1152.jpg 768w, http:\/\/noel-a-lille.com\/wp-content\/uploads\/2022\/02\/DSC04659-1140x1710.jpg 1140w\" sizes=\"(max-width: 683px) 100vw, 683px\" \/><\/figure>\n<\/div>\n\n\n\n<div class=\"wp-block-column is-layout-flow wp-block-column-is-layout-flow\">\n<div style=\"height:122px\" aria-hidden=\"true\" class=\"wp-block-spacer\"><\/div>\n\n\n\n<p class=\"has-normal-font-size wp-block-paragraph\">Cette ann\u00e9e, <strong>90 exposants<\/strong> prendront place sur la Place Rihour et vous feront d\u00e9couvrir leurs produits et leur savoir-faire.<\/p>\n\n\n\n<div style=\"height:34px\" aria-hidden=\"true\" class=\"wp-block-spacer\"><\/div>\n\n\n\n<p class=\"has-normal-font-size wp-block-paragraph\">Comme chaque ann\u00e9e, vous pourrez retrouver les chalets alimentaires sal\u00e9s et sucr\u00e9s : raclette, fondue, croziflette, gaufres, croustillons, vin chaud et chocolat chaud&#8230; <\/p>\n\n\n\n<div style=\"height:30px\" aria-hidden=\"true\" class=\"wp-block-spacer\"><\/div>\n\n\n\n<p class=\"has-normal-font-size wp-block-paragraph\">Mais aussi les chalets des artisans locaux et r\u00e9gionaux : bijoux, objets de d\u00e9corations, jouets&#8230; <a href=\"http:\/\/noel-a-lille.com\/en\/les-artisans\/\">D\u00e9couvrez les commer\u00e7ants-artisans de cette nouvelle \u00e9dition.<\/a><\/p>\n\n\n\n<div style=\"height:38px\" aria-hidden=\"true\" class=\"wp-block-spacer\"><\/div>\n\n\n\n<p class=\"has-normal-font-size wp-block-paragraph\"><strong>Le chalet de la solidarit\u00e9 <\/strong>revient \u00e9galement avec une vingtaine d&rsquo;associations sur toute la p\u00e9riode de No\u00ebl.<\/p>\n\n\n\n<div style=\"height:43px\" aria-hidden=\"true\" class=\"wp-block-spacer\"><\/div>\n\n\n\n<p class=\"has-normal-font-size wp-block-paragraph\">Enfin, <strong>le P\u00e8re No\u00ebl s\u00e9journera dans son chalet au sein du Village de No\u00ebl de Lille<\/strong> et aura le plaisir de rencontrer les enfants. <\/p>\n<\/div>\n<\/div>\n\n\n\n<div style=\"height:100px\" aria-hidden=\"true\" class=\"wp-block-spacer\"><\/div>\n\n\n\n<h2 class=\"wp-block-heading\">Les animations<\/h2>\n\n\n\n<div style=\"height:49px\" aria-hidden=\"true\" class=\"wp-block-spacer\"><\/div>\n\n\n\n<p class=\"has-normal-font-size wp-block-paragraph\">De nouvelles animations dynamiseront le Village de No\u00ebl de Lille durant les six semaines. <\/p>\n\n\n\n<div style=\"height:20px\" aria-hidden=\"true\" class=\"wp-block-spacer\"><\/div>\n\n\n\n<p class=\"has-normal-font-size wp-block-paragraph\"><strong>Des concerts et d\u00e9ambulations<\/strong> se d\u00e9rouleront <strong>tous les vendredis soirs de 18h \u00e0 20h<\/strong>. <\/p>\n\n\n\n<p class=\"wp-block-paragraph\">Pour les enfants, <strong>des ateliers cr\u00e9atifs<\/strong> auront lieu <strong>les mercredis apr\u00e8s-midi du mois de d\u00e9cembre<\/strong>. <\/p>\n\n\n\n<div style=\"height:20px\" aria-hidden=\"true\" class=\"wp-block-spacer\"><\/div>\n\n\n\n<p class=\"has-normal-font-size wp-block-paragraph\">D&rsquo;autres animations surprises s&rsquo;organiseront avec <a rel=\"noreferrer noopener\" aria-label=\" (s\u2019ouvre dans un nouvel onglet)\" href=\"http:\/\/noel-a-lille.com\/en\/nos-partenaires\/\" target=\"_blank\">nos partenaires<\/a>.<\/p>\n\n\n\n<div style=\"height:20px\" aria-hidden=\"true\" class=\"wp-block-spacer\"><\/div>\n\n\n\n<div style=\"height:47px\" aria-hidden=\"true\" class=\"wp-block-spacer\"><\/div>\n\n\n\n<div class=\"wp-block-columns has-2-columns is-layout-flex wp-container-core-columns-is-layout-8f761849 wp-block-columns-is-layout-flex\">\n<div class=\"wp-block-column is-layout-flow wp-block-column-is-layout-flow\">\n<div class=\"wp-block-image\"><figure class=\"aligncenter is-resized\"><img loading=\"lazy\" decoding=\"async\" src=\"http:\/\/noel-a-lille.com\/wp-content\/uploads\/2022\/09\/IMG_2125-1-768x1024.png\" alt=\"\" class=\"wp-image-1504\" width=\"386\" height=\"515\" srcset=\"http:\/\/noel-a-lille.com\/wp-content\/uploads\/2022\/09\/IMG_2125-1-768x1024.png 768w, http:\/\/noel-a-lille.com\/wp-content\/uploads\/2022\/09\/IMG_2125-1-225x300.png 225w, http:\/\/noel-a-lille.com\/wp-content\/uploads\/2022\/09\/IMG_2125-1-1140x1520.png 1140w\" sizes=\"(max-width: 386px) 100vw, 386px\" \/><\/figure><\/div>\n<\/div>\n\n\n\n<div class=\"wp-block-column is-layout-flow wp-block-column-is-layout-flow\">\n<figure class=\"wp-block-image is-resized\"><img loading=\"lazy\" decoding=\"async\" src=\"http:\/\/noel-a-lille.com\/wp-content\/uploads\/2022\/09\/ED3C3D8B-37BF-4D88-A172-79A4B9456CA1-819x1024.jpg\" alt=\"\" class=\"wp-image-1502\" width=\"415\" height=\"518\" srcset=\"http:\/\/noel-a-lille.com\/wp-content\/uploads\/2022\/09\/ED3C3D8B-37BF-4D88-A172-79A4B9456CA1-819x1024.jpg 819w, http:\/\/noel-a-lille.com\/wp-content\/uploads\/2022\/09\/ED3C3D8B-37BF-4D88-A172-79A4B9456CA1-240x300.jpg 240w, http:\/\/noel-a-lille.com\/wp-content\/uploads\/2022\/09\/ED3C3D8B-37BF-4D88-A172-79A4B9456CA1-768x960.jpg 768w, http:\/\/noel-a-lille.com\/wp-content\/uploads\/2022\/09\/ED3C3D8B-37BF-4D88-A172-79A4B9456CA1.jpg 1080w\" sizes=\"(max-width: 415px) 100vw, 415px\" \/><\/figure>\n<\/div>\n<\/div>\n\n\n\n<div style=\"height:56px\" aria-hidden=\"true\" class=\"wp-block-spacer\"><\/div>\n\n\n\n<p class=\"has-normal-font-size wp-block-paragraph\"><strong>C\u00f4t\u00e9 man\u00e8ges de No\u00ebl, vous retrouverez : <\/strong><\/p>\n\n\n\n<div style=\"height:36px\" aria-hidden=\"true\" class=\"wp-block-spacer\"><\/div>\n\n\n\n<ul class=\"wp-block-list\"><li><strong>La Grande Roue &#8211; Grand Place :<\/strong> avec 36 nacelles culminant \u00e0 50 m\u00e8tres offrant une vue panoramique. Ouverte en semaine de midi \u00e0 minuit, le week-end et pendant les vacances scolaires de 10h \u00e0 minuit.<\/li><\/ul>\n\n\n\n<div style=\"height:33px\" aria-hidden=\"true\" class=\"wp-block-spacer\"><\/div>\n\n\n\n<ul class=\"wp-block-list\"><li><strong>L&rsquo;Id\u00e9al Chenille 1922 &#8211; Place du Th\u00e9\u00e2tre :<\/strong> le c\u00e9l\u00e8bre man\u00e8ge presque centenaire au d\u00e9cor r\u00e9tro. Lundi, mardi, jeudi et vendredi de&nbsp;14h30 \u00e0 20h, mercredi, week-end et pendant les vacances scolaires de 11h \u00e0 21h. <\/li><\/ul>\n\n\n\n<div style=\"height:42px\" aria-hidden=\"true\" class=\"wp-block-spacer\"><\/div>\n\n\n\n<ul class=\"wp-block-list\"><li><strong>Le Petit Quinquin <\/strong>: au sein du Village de No\u00ebl, \u00e0 l&rsquo;entr\u00e9e 2 c\u00f4t\u00e9 rue de la Vieille Com\u00e9die. Ouvert tous les jours aux horaires d&rsquo;ouvertures du march\u00e9 de No\u00ebl. <\/li><\/ul>\n\n\n\n<div style=\"height:42px\" aria-hidden=\"true\" class=\"wp-block-spacer\"><\/div>\n\n\n\n<ul class=\"wp-block-list\"><li><strong>Le train de No\u00ebl &#8211; Place Richeb\u00e9 :<\/strong> le train de No\u00ebl emm\u00e8ne les plus jeunes \u00e0 la d\u00e9couverte du&nbsp;square de la Place Richeb\u00e9. Tous les jours \u00e0 partir de 14h.<\/li><\/ul>\n\n\n\n<div style=\"height:37px\" aria-hidden=\"true\" class=\"wp-block-spacer\"><\/div>\n\n\n\n<ul class=\"wp-block-list\"><li><strong>Le Carrousel :<\/strong> surmont\u00e9 d\u2019un \u00e9norme sapin de No\u00ebl, la carrousel accueille&nbsp;les cavaliers en herbe. En semaine de 15h \u00e0 19h, le week-end de 14h \u00e0 20h, mercredi et pendant les vacances scolaires de 14h \u00e0 19h.<\/li><\/ul>\n\n\n\n<div style=\"height:100px\" aria-hidden=\"true\" class=\"wp-block-spacer\"><\/div>\n\n\n\n<h2 class=\"wp-block-heading\">Pr\u00e9parez votre venue<\/h2>\n\n\n\n<div style=\"height:32px\" aria-hidden=\"true\" class=\"wp-block-spacer\"><\/div>\n\n\n\n<p class=\"has-normal-font-size wp-block-paragraph\">Une sortie \u00e0 Lille pour les f\u00eates de fin d&rsquo;ann\u00e9e, \u00e7a se pr\u00e9pare ! <\/p>\n\n\n\n<div style=\"height:20px\" aria-hidden=\"true\" class=\"wp-block-spacer\"><\/div>\n\n\n\n<p class=\"has-normal-font-size wp-block-paragraph\">Si vous \u00eates de la m\u00e9tropole lilloise, <strong>vous pouvez opter pour les transports en commun. <\/strong><\/p>\n\n\n\n<p class=\"wp-block-paragraph\">Pr\u00e9parez votre itin\u00e9raire <a rel=\"noreferrer noopener\" aria-label=\"sur le site de Ilevia.  (s\u2019ouvre dans un nouvel onglet)\" href=\"https:\/\/www.ilevia.fr\/fr\/\" target=\"_blank\">sur le site de Ilevia.<\/a> L&rsquo;arr\u00eat Rihour vous fera arriver aux pieds du Village de No\u00ebl.<\/p>\n\n\n\n<div style=\"height:20px\" aria-hidden=\"true\" class=\"wp-block-spacer\"><\/div>\n\n\n\n<p class=\"has-normal-font-size wp-block-paragraph\">Si vous venez en voiture, <strong>pensez \u00e0 vous renseigner sur les diff\u00e9rents parkings \u00e0 proximit\u00e9 <\/strong>du Village de No\u00ebl de Lille. <\/p>\n\n\n\n<p class=\"wp-block-paragraph\">Le plus pr\u00e8s est Le 31 &#8211; Rues Pi\u00e9tonnes. <a rel=\"noreferrer noopener\" aria-label=\"Plus d'infos.  (s\u2019ouvre dans un nouvel onglet)\" href=\"https:\/\/fr.parkindigo.com\" target=\"_blank\">Plus d&rsquo;infos.<\/a><\/p>\n\n\n\n<div style=\"height:20px\" aria-hidden=\"true\" class=\"wp-block-spacer\"><\/div>\n\n\n\n<p class=\"has-normal-font-size wp-block-paragraph\"><a rel=\"noreferrer noopener\" aria-label=\"Retrouvez toutes les informations pour venir en cliquant ici.  (s\u2019ouvre dans un nouvel onglet)\" href=\"http:\/\/noel-a-lille.com\/en\/preparez-votre-visite\/\" target=\"_blank\">Retrouvez toutes les informations pour venir en cliquant ici.<\/a><\/p>\n\n\n\n<div style=\"height:100px\" aria-hidden=\"true\" class=\"wp-block-spacer\"><\/div>\n\n\n\n<div class=\"wp-block-button aligncenter\"><a class=\"wp-block-button__link has-background has-vivid-red-background-color\" href=\"http:\/\/noel-a-lille.com\/wp-content\/uploads\/2022\/11\/Livret_Village-de-No\u00ebl-de-Lille-2.pdf\">T\u00e9l\u00e9chargez le livret du Village de No\u00ebl<\/a><\/div>\n\n\n\n<div style=\"height:52px\" aria-hidden=\"true\" class=\"wp-block-spacer\"><\/div>","protected":false},"excerpt":{"rendered":"<p>Le Village de No\u00ebl de Lille va de nouveau s&rsquo;installer sur la Place Rihour du 18 novembre au 30 d\u00e9cembre 2022 ! D\u00e9couvrez la programmation et pr\u00e9parez votre venue. <\/p>","protected":false},"author":1,"featured_media":1128,"comment_status":"closed","ping_status":"closed","sticky":false,"template":"","format":"standard","meta":{"saved_in_kubio":false,"footnotes":""},"categories":[6],"tags":[],"class_list":["post-1477","post","type-post","status-publish","format-standard","has-post-thumbnail","hentry","category-actus"],"yoast_head":"<!-- This site is optimized with the Yoast SEO plugin v28.4 - https:\/\/yoast.com\/product\/yoast-seo-wordpress\/ -->\n<title>Le Village de No\u00ebl de Lille revient du 18 novembre au 31 d\u00e9cembre 2022 - Village de No\u00ebl de Lille<\/title>\n<meta name=\"robots\" content=\"index, follow, max-snippet:-1, max-image-preview:large, max-video-preview:-1\" \/>\n<link rel=\"canonical\" href=\"http:\/\/noel-a-lille.com\/en\/le-village-de-noel-de-lille-revient-du-18-novembre-au-30-decembre-2022\/\" \/>\n<meta property=\"og:locale\" content=\"en_US\" \/>\n<meta property=\"og:type\" content=\"article\" \/>\n<meta property=\"og:title\" content=\"Le Village de No\u00ebl de Lille revient du 18 novembre au 31 d\u00e9cembre 2022 - Village de No\u00ebl de Lille\" \/>\n<meta property=\"og:description\" content=\"Le Village de No\u00ebl de Lille va de nouveau s&#039;installer sur la Place Rihour du 18 novembre au 30 d\u00e9cembre 2022 ! D\u00e9couvrez la programmation et pr\u00e9parez votre venue.\" \/>\n<meta property=\"og:url\" content=\"http:\/\/noel-a-lille.com\/en\/le-village-de-noel-de-lille-revient-du-18-novembre-au-30-decembre-2022\/\" \/>\n<meta property=\"og:site_name\" content=\"Village de No\u00ebl de Lille\" \/>\n<meta property=\"article:published_time\" content=\"2022-09-19T11:28:08+00:00\" \/>\n<meta property=\"article:modified_time\" content=\"2024-01-15T08:21:39+00:00\" \/>\n<meta property=\"og:image\" content=\"http:\/\/noel-a-lille.com\/wp-content\/uploads\/2022\/03\/DSC05051-1024x683.jpg\" \/>\n\t<meta property=\"og:image:width\" content=\"1024\" \/>\n\t<meta property=\"og:image:height\" content=\"683\" \/>\n\t<meta property=\"og:image:type\" content=\"image\/jpeg\" \/>\n<meta name=\"author\" content=\"FLCAS\" \/>\n<meta name=\"twitter:card\" content=\"summary_large_image\" \/>\n<meta name=\"twitter:label1\" content=\"Written by\" \/>\n\t<meta name=\"twitter:data1\" content=\"FLCAS\" \/>\n\t<meta name=\"twitter:label2\" content=\"Est. reading time\" \/>\n\t<meta name=\"twitter:data2\" content=\"3 minutes\" \/>\n<script type=\"application\/ld+json\" class=\"yoast-schema-graph\">{\"@context\":\"https:\\\/\\\/schema.org\",\"@graph\":[{\"@type\":\"Article\",\"@id\":\"http:\\\/\\\/noel-a-lille.com\\\/le-village-de-noel-de-lille-revient-du-18-novembre-au-30-decembre-2022\\\/#article\",\"isPartOf\":{\"@id\":\"http:\\\/\\\/noel-a-lille.com\\\/le-village-de-noel-de-lille-revient-du-18-novembre-au-30-decembre-2022\\\/\"},\"author\":{\"name\":\"FLCAS\",\"@id\":\"http:\\\/\\\/noel-a-lille.com\\\/#\\\/schema\\\/person\\\/aab49807d0c2aba6a2a7749e9ad0b115\"},\"headline\":\"Le Village de No\u00ebl de Lille revient du 18 novembre au 31 d\u00e9cembre 2022\",\"datePublished\":\"2022-09-19T11:28:08+00:00\",\"dateModified\":\"2024-01-15T08:21:39+00:00\",\"mainEntityOfPage\":{\"@id\":\"http:\\\/\\\/noel-a-lille.com\\\/le-village-de-noel-de-lille-revient-du-18-novembre-au-30-decembre-2022\\\/\"},\"wordCount\":621,\"publisher\":{\"@id\":\"http:\\\/\\\/noel-a-lille.com\\\/#organization\"},\"image\":{\"@id\":\"http:\\\/\\\/noel-a-lille.com\\\/le-village-de-noel-de-lille-revient-du-18-novembre-au-30-decembre-2022\\\/#primaryimage\"},\"thumbnailUrl\":\"http:\\\/\\\/noel-a-lille.com\\\/wp-content\\\/uploads\\\/2022\\\/03\\\/DSC05051.jpg\",\"articleSection\":[\"ACTUALIT\u00c9\"],\"inLanguage\":\"en-US\"},{\"@type\":\"WebPage\",\"@id\":\"http:\\\/\\\/noel-a-lille.com\\\/le-village-de-noel-de-lille-revient-du-18-novembre-au-30-decembre-2022\\\/\",\"url\":\"http:\\\/\\\/noel-a-lille.com\\\/le-village-de-noel-de-lille-revient-du-18-novembre-au-30-decembre-2022\\\/\",\"name\":\"Le Village de No\u00ebl de Lille revient du 18 novembre au 31 d\u00e9cembre 2022 - Village de No\u00ebl de Lille\",\"isPartOf\":{\"@id\":\"http:\\\/\\\/noel-a-lille.com\\\/#website\"},\"primaryImageOfPage\":{\"@id\":\"http:\\\/\\\/noel-a-lille.com\\\/le-village-de-noel-de-lille-revient-du-18-novembre-au-30-decembre-2022\\\/#primaryimage\"},\"image\":{\"@id\":\"http:\\\/\\\/noel-a-lille.com\\\/le-village-de-noel-de-lille-revient-du-18-novembre-au-30-decembre-2022\\\/#primaryimage\"},\"thumbnailUrl\":\"http:\\\/\\\/noel-a-lille.com\\\/wp-content\\\/uploads\\\/2022\\\/03\\\/DSC05051.jpg\",\"datePublished\":\"2022-09-19T11:28:08+00:00\",\"dateModified\":\"2024-01-15T08:21:39+00:00\",\"breadcrumb\":{\"@id\":\"http:\\\/\\\/noel-a-lille.com\\\/le-village-de-noel-de-lille-revient-du-18-novembre-au-30-decembre-2022\\\/#breadcrumb\"},\"inLanguage\":\"en-US\",\"potentialAction\":[{\"@type\":\"ReadAction\",\"target\":[\"http:\\\/\\\/noel-a-lille.com\\\/le-village-de-noel-de-lille-revient-du-18-novembre-au-30-decembre-2022\\\/\"]}]},{\"@type\":\"ImageObject\",\"inLanguage\":\"en-US\",\"@id\":\"http:\\\/\\\/noel-a-lille.com\\\/le-village-de-noel-de-lille-revient-du-18-novembre-au-30-decembre-2022\\\/#primaryimage\",\"url\":\"http:\\\/\\\/noel-a-lille.com\\\/wp-content\\\/uploads\\\/2022\\\/03\\\/DSC05051.jpg\",\"contentUrl\":\"http:\\\/\\\/noel-a-lille.com\\\/wp-content\\\/uploads\\\/2022\\\/03\\\/DSC05051.jpg\",\"width\":6000,\"height\":4000},{\"@type\":\"BreadcrumbList\",\"@id\":\"http:\\\/\\\/noel-a-lille.com\\\/le-village-de-noel-de-lille-revient-du-18-novembre-au-30-decembre-2022\\\/#breadcrumb\",\"itemListElement\":[{\"@type\":\"ListItem\",\"position\":1,\"name\":\"Accueil\",\"item\":\"http:\\\/\\\/noel-a-lille.com\\\/\"},{\"@type\":\"ListItem\",\"position\":2,\"name\":\"Le Village de No\u00ebl de Lille revient du 18 novembre au 31 d\u00e9cembre 2022\"}]},{\"@type\":\"WebSite\",\"@id\":\"http:\\\/\\\/noel-a-lille.com\\\/#website\",\"url\":\"http:\\\/\\\/noel-a-lille.com\\\/\",\"name\":\"Village de No\u00ebl de Lille\",\"description\":\"La magie de No\u00ebl \u00e0 Lille\",\"publisher\":{\"@id\":\"http:\\\/\\\/noel-a-lille.com\\\/#organization\"},\"potentialAction\":[{\"@type\":\"SearchAction\",\"target\":{\"@type\":\"EntryPoint\",\"urlTemplate\":\"http:\\\/\\\/noel-a-lille.com\\\/?s={search_term_string}\"},\"query-input\":{\"@type\":\"PropertyValueSpecification\",\"valueRequired\":true,\"valueName\":\"search_term_string\"}}],\"inLanguage\":\"en-US\"},{\"@type\":\"Organization\",\"@id\":\"http:\\\/\\\/noel-a-lille.com\\\/#organization\",\"name\":\"Village de No\u00ebl de Lille\",\"url\":\"http:\\\/\\\/noel-a-lille.com\\\/\",\"logo\":{\"@type\":\"ImageObject\",\"inLanguage\":\"en-US\",\"@id\":\"http:\\\/\\\/noel-a-lille.com\\\/#\\\/schema\\\/logo\\\/image\\\/\",\"url\":\"http:\\\/\\\/noel-a-lille.com\\\/wp-content\\\/uploads\\\/2026\\\/07\\\/logo-vdn-couleur-sans-attache.png\",\"contentUrl\":\"http:\\\/\\\/noel-a-lille.com\\\/wp-content\\\/uploads\\\/2026\\\/07\\\/logo-vdn-couleur-sans-attache.png\",\"width\":893,\"height\":822,\"caption\":\"Village de No\u00ebl de Lille\"},\"image\":{\"@id\":\"http:\\\/\\\/noel-a-lille.com\\\/#\\\/schema\\\/logo\\\/image\\\/\"},\"sameAs\":[\"https:\\\/\\\/www.instagram.com\\\/villagedenoeldelille\\\/\"]},{\"@type\":\"Person\",\"@id\":\"http:\\\/\\\/noel-a-lille.com\\\/#\\\/schema\\\/person\\\/aab49807d0c2aba6a2a7749e9ad0b115\",\"name\":\"FLCAS\",\"image\":{\"@type\":\"ImageObject\",\"inLanguage\":\"en-US\",\"@id\":\"https:\\\/\\\/secure.gravatar.com\\\/avatar\\\/bfb9c38db73a92ba9c5398970fc38fd55695f27b6352f85b511a7101d1e76dad?s=96&d=mm&r=g\",\"url\":\"https:\\\/\\\/secure.gravatar.com\\\/avatar\\\/bfb9c38db73a92ba9c5398970fc38fd55695f27b6352f85b511a7101d1e76dad?s=96&d=mm&r=g\",\"contentUrl\":\"https:\\\/\\\/secure.gravatar.com\\\/avatar\\\/bfb9c38db73a92ba9c5398970fc38fd55695f27b6352f85b511a7101d1e76dad?s=96&d=mm&r=g\",\"caption\":\"FLCAS\"},\"url\":\"http:\\\/\\\/noel-a-lille.com\\\/en\\\/author\\\/flcas\\\/\"}]}<\/script>\n<!-- \/ Yoast SEO plugin. -->","yoast_head_json":{"title":"Le Village de No\u00ebl de Lille revient du 18 novembre au 31 d\u00e9cembre 2022 - Village de No\u00ebl de Lille","robots":{"index":"index","follow":"follow","max-snippet":"max-snippet:-1","max-image-preview":"max-image-preview:large","max-video-preview":"max-video-preview:-1"},"canonical":"http:\/\/noel-a-lille.com\/en\/le-village-de-noel-de-lille-revient-du-18-novembre-au-30-decembre-2022\/","og_locale":"en_US","og_type":"article","og_title":"Le Village de No\u00ebl de Lille revient du 18 novembre au 31 d\u00e9cembre 2022 - Village de No\u00ebl de Lille","og_description":"Le Village de No\u00ebl de Lille va de nouveau s'installer sur la Place Rihour du 18 novembre au 30 d\u00e9cembre 2022 ! D\u00e9couvrez la programmation et pr\u00e9parez votre venue.","og_url":"http:\/\/noel-a-lille.com\/en\/le-village-de-noel-de-lille-revient-du-18-novembre-au-30-decembre-2022\/","og_site_name":"Village de No\u00ebl de Lille","article_published_time":"2022-09-19T11:28:08+00:00","article_modified_time":"2024-01-15T08:21:39+00:00","og_image":[{"width":1024,"height":683,"url":"http:\/\/noel-a-lille.com\/wp-content\/uploads\/2022\/03\/DSC05051-1024x683.jpg","type":"image\/jpeg"}],"author":"FLCAS","twitter_card":"summary_large_image","twitter_misc":{"Written by":"FLCAS","Est. reading time":"3 minutes"},"schema":{"@context":"https:\/\/schema.org","@graph":[{"@type":"Article","@id":"http:\/\/noel-a-lille.com\/le-village-de-noel-de-lille-revient-du-18-novembre-au-30-decembre-2022\/#article","isPartOf":{"@id":"http:\/\/noel-a-lille.com\/le-village-de-noel-de-lille-revient-du-18-novembre-au-30-decembre-2022\/"},"author":{"name":"FLCAS","@id":"http:\/\/noel-a-lille.com\/#\/schema\/person\/aab49807d0c2aba6a2a7749e9ad0b115"},"headline":"Le Village de No\u00ebl de Lille revient du 18 novembre au 31 d\u00e9cembre 2022","datePublished":"2022-09-19T11:28:08+00:00","dateModified":"2024-01-15T08:21:39+00:00","mainEntityOfPage":{"@id":"http:\/\/noel-a-lille.com\/le-village-de-noel-de-lille-revient-du-18-novembre-au-30-decembre-2022\/"},"wordCount":621,"publisher":{"@id":"http:\/\/noel-a-lille.com\/#organization"},"image":{"@id":"http:\/\/noel-a-lille.com\/le-village-de-noel-de-lille-revient-du-18-novembre-au-30-decembre-2022\/#primaryimage"},"thumbnailUrl":"http:\/\/noel-a-lille.com\/wp-content\/uploads\/2022\/03\/DSC05051.jpg","articleSection":["ACTUALIT\u00c9"],"inLanguage":"en-US"},{"@type":"WebPage","@id":"http:\/\/noel-a-lille.com\/le-village-de-noel-de-lille-revient-du-18-novembre-au-30-decembre-2022\/","url":"http:\/\/noel-a-lille.com\/le-village-de-noel-de-lille-revient-du-18-novembre-au-30-decembre-2022\/","name":"Le Village de No\u00ebl de Lille revient du 18 novembre au 31 d\u00e9cembre 2022 - Village de No\u00ebl de Lille","isPartOf":{"@id":"http:\/\/noel-a-lille.com\/#website"},"primaryImageOfPage":{"@id":"http:\/\/noel-a-lille.com\/le-village-de-noel-de-lille-revient-du-18-novembre-au-30-decembre-2022\/#primaryimage"},"image":{"@id":"http:\/\/noel-a-lille.com\/le-village-de-noel-de-lille-revient-du-18-novembre-au-30-decembre-2022\/#primaryimage"},"thumbnailUrl":"http:\/\/noel-a-lille.com\/wp-content\/uploads\/2022\/03\/DSC05051.jpg","datePublished":"2022-09-19T11:28:08+00:00","dateModified":"2024-01-15T08:21:39+00:00","breadcrumb":{"@id":"http:\/\/noel-a-lille.com\/le-village-de-noel-de-lille-revient-du-18-novembre-au-30-decembre-2022\/#breadcrumb"},"inLanguage":"en-US","potentialAction":[{"@type":"ReadAction","target":["http:\/\/noel-a-lille.com\/le-village-de-noel-de-lille-revient-du-18-novembre-au-30-decembre-2022\/"]}]},{"@type":"ImageObject","inLanguage":"en-US","@id":"http:\/\/noel-a-lille.com\/le-village-de-noel-de-lille-revient-du-18-novembre-au-30-decembre-2022\/#primaryimage","url":"http:\/\/noel-a-lille.com\/wp-content\/uploads\/2022\/03\/DSC05051.jpg","contentUrl":"http:\/\/noel-a-lille.com\/wp-content\/uploads\/2022\/03\/DSC05051.jpg","width":6000,"height":4000},{"@type":"BreadcrumbList","@id":"http:\/\/noel-a-lille.com\/le-village-de-noel-de-lille-revient-du-18-novembre-au-30-decembre-2022\/#breadcrumb","itemListElement":[{"@type":"ListItem","position":1,"name":"Accueil","item":"http:\/\/noel-a-lille.com\/"},{"@type":"ListItem","position":2,"name":"Le Village de No\u00ebl de Lille revient du 18 novembre au 31 d\u00e9cembre 2022"}]},{"@type":"WebSite","@id":"http:\/\/noel-a-lille.com\/#website","url":"http:\/\/noel-a-lille.com\/","name":"Lille Christmas Market","description":"The magic of Christmas in Lille","publisher":{"@id":"http:\/\/noel-a-lille.com\/#organization"},"potentialAction":[{"@type":"SearchAction","target":{"@type":"EntryPoint","urlTemplate":"http:\/\/noel-a-lille.com\/?s={search_term_string}"},"query-input":{"@type":"PropertyValueSpecification","valueRequired":true,"valueName":"search_term_string"}}],"inLanguage":"en-US"},{"@type":"Organization","@id":"http:\/\/noel-a-lille.com\/#organization","name":"Lille Christmas Market","url":"http:\/\/noel-a-lille.com\/","logo":{"@type":"ImageObject","inLanguage":"en-US","@id":"http:\/\/noel-a-lille.com\/#\/schema\/logo\/image\/","url":"http:\/\/noel-a-lille.com\/wp-content\/uploads\/2026\/07\/logo-vdn-couleur-sans-attache.png","contentUrl":"http:\/\/noel-a-lille.com\/wp-content\/uploads\/2026\/07\/logo-vdn-couleur-sans-attache.png","width":893,"height":822,"caption":"Village de No\u00ebl de Lille"},"image":{"@id":"http:\/\/noel-a-lille.com\/#\/schema\/logo\/image\/"},"sameAs":["https:\/\/www.instagram.com\/villagedenoeldelille\/"]},{"@type":"Person","@id":"http:\/\/noel-a-lille.com\/#\/schema\/person\/aab49807d0c2aba6a2a7749e9ad0b115","name":"FLCAS","image":{"@type":"ImageObject","inLanguage":"en-US","@id":"https:\/\/secure.gravatar.com\/avatar\/bfb9c38db73a92ba9c5398970fc38fd55695f27b6352f85b511a7101d1e76dad?s=96&d=mm&r=g","url":"https:\/\/secure.gravatar.com\/avatar\/bfb9c38db73a92ba9c5398970fc38fd55695f27b6352f85b511a7101d1e76dad?s=96&d=mm&r=g","contentUrl":"https:\/\/secure.gravatar.com\/avatar\/bfb9c38db73a92ba9c5398970fc38fd55695f27b6352f85b511a7101d1e76dad?s=96&d=mm&r=g","caption":"FLCAS"},"url":"http:\/\/noel-a-lille.com\/en\/author\/flcas\/"}]}},"_links":{"self":[{"href":"http:\/\/noel-a-lille.com\/en\/wp-json\/wp\/v2\/posts\/1477","targetHints":{"allow":["GET"]}}],"collection":[{"href":"http:\/\/noel-a-lille.com\/en\/wp-json\/wp\/v2\/posts"}],"about":[{"href":"http:\/\/noel-a-lille.com\/en\/wp-json\/wp\/v2\/types\/post"}],"author":[{"embeddable":true,"href":"http:\/\/noel-a-lille.com\/en\/wp-json\/wp\/v2\/users\/1"}],"replies":[{"embeddable":true,"href":"http:\/\/noel-a-lille.com\/en\/wp-json\/wp\/v2\/comments?post=1477"}],"version-history":[{"count":39,"href":"http:\/\/noel-a-lille.com\/en\/wp-json\/wp\/v2\/posts\/1477\/revisions"}],"predecessor-version":[{"id":2553,"href":"http:\/\/noel-a-lille.com\/en\/wp-json\/wp\/v2\/posts\/1477\/revisions\/2553"}],"wp:featuredmedia":[{"embeddable":true,"href":"http:\/\/noel-a-lille.com\/en\/wp-json\/wp\/v2\/media\/1128"}],"wp:attachment":[{"href":"http:\/\/noel-a-lille.com\/en\/wp-json\/wp\/v2\/media?parent=1477"}],"wp:term":[{"taxonomy":"category","embeddable":true,"href":"http:\/\/noel-a-lille.com\/en\/wp-json\/wp\/v2\/categories?post=1477"},{"taxonomy":"post_tag","embeddable":true,"href":"http:\/\/noel-a-lille.com\/en\/wp-json\/wp\/v2\/tags?post=1477"}],"curies":[{"name":"Well played","href":"https:\/\/api.w.org\/{rel}","templated":true}]}}